{"id":162142,"date":"2020-06-10T18:17:03","date_gmt":"2020-06-10T21:17:03","guid":{"rendered":"https:\/\/diarioregionaldigital.com.br\/?p=162142"},"modified":"2020-06-10T18:17:03","modified_gmt":"2020-06-10T21:17:03","slug":"reajuste-da-tarifa-de-pedagio-do-sistema-mg-050-e-adiado","status":"publish","type":"post","link":"https:\/\/diarioregionaldigital.com.br\/?p=162142","title":{"rendered":"Reajuste da tarifa de ped\u00e1gio do sistema MG-050 \u00e9 adiado"},"content":{"rendered":"<p>O reajuste anual das tarifas de ped\u00e1gio da concess\u00e3o do sistema MG-050 \/ BR-265 \/ BR-491, previsto para entrar em vigor no s\u00e1bado (13), foi adiado por 90 dias, em decis\u00e3o conjunta entre a Secretaria de Estado de Infraestrutura e Mobilidade (Seinfra)\u00a0e a concession\u00e1ria AB Nascentes das Gerais. A medida do\u00a0Governo de Minas Gerais\u00a0busca reduzir as consequ\u00eancias fiscais, econ\u00f4micas e financeiras provocadas pela pandemia, sobretudo para o transporte de pessoas e de cargas, e para demais usu\u00e1rios, comunidades e munic\u00edpios atendidos pelas rodovias.<\/p>\n<p>Desta forma, a tarifa b\u00e1sica, em vigor desde junho do ano passado nas seis pra\u00e7as do sistema, permanecer\u00e1 em R$ 6,20, para ve\u00edculos de passeio e no mesmo valor por cada eixo de ve\u00edculos comerciais.<\/p>\n<p>Todos os servi\u00e7os e melhorias assumidos em contrato pela concession\u00e1ria continuar\u00e3o sendo prestados e realizados, com especial cuidado para as a\u00e7\u00f5es de higiene e prote\u00e7\u00e3o dos usu\u00e1rios e empregados.<\/p>\n<p>Passados os 90 dias, a previs\u00e3o \u00e9 que a tarifa de ped\u00e1gio seja corrigida utilizando o \u00cdndice de Pre\u00e7o ao Consumidor Amplo (IPCA) e arredondamentos, conforme previsto no contrato.<\/p>\n<p><strong>Investimentos e receitas<\/strong><\/p>\n<p>Desde junho de 2007, quando a concession\u00e1ria iniciou a administra\u00e7\u00e3o do sistema MG-050, foram investidos cerca de R$ 1,5 bilh\u00e3o em obras de amplia\u00e7\u00e3o, melhorias na infraestrutura, moderniza\u00e7\u00e3o do sistema operacional e conserva\u00e7\u00e3o nos 371,4 quil\u00f4metros de vias. Al\u00e9m disso, foram repassados para as prefeituras cerca de R$ 43 milh\u00f5es em Imposto Sobre Servi\u00e7o de Qualquer Natureza (ISSQN), provenientes\u00a0da arrecada\u00e7\u00e3o do ped\u00e1gio, gerando receita para os munic\u00edpios.<\/p>\n<p><strong>Preven\u00e7\u00e3o<\/strong><\/p>\n<p>Como parte das medidas de preven\u00e7\u00e3o e combate ao coronav\u00edrus, a concession\u00e1ria refor\u00e7ou o apoio aos profissionais da cadeia log\u00edstica nas rodovias sob sua responsabilidade. Desde mar\u00e7o, mais de\u00a03\u00a0mil motoristas profissionais passaram pelos postos de atendimento montados pela empresa e receberam kits de alimenta\u00e7\u00e3o e higiene, al\u00e9m de material informativo sobre a covid-19.<\/p>\n<p>Para preservar a sa\u00fade de funcion\u00e1rios e usu\u00e1rios, a concession\u00e1ria tamb\u00e9m intensificou os protocolos de higieniza\u00e7\u00e3o, disponibilizando \u00e1lcool 70% nas cabines e demais instala\u00e7\u00f5es, e tornando obrigat\u00f3ria a utiliza\u00e7\u00e3o de m\u00e1scaras de prote\u00e7\u00e3o pelos colaboradores.<\/p>\n<p>Outra iniciativa colocada em pr\u00e1tica foi a distribui\u00e7\u00e3o gratuita de etiquetas eletr\u00f4nicas de cobran\u00e7a (TAGs). Em negocia\u00e7\u00e3o com as empresas que prestam o servi\u00e7o, foi poss\u00edvel oferecer isen\u00e7\u00e3o de taxas de ades\u00e3o e de mensalidades por tr\u00eas meses. Al\u00e9m de agilizar o tempo de viagem, possibilitando os ve\u00edculos que possuem as TAGs passarem pelas cancelas de recebimento autom\u00e1tico, a medida reduz a intera\u00e7\u00e3o de usu\u00e1rios e operadores nas pra\u00e7as de cobran\u00e7a.<\/p>\n<p><strong>Concess\u00e3o<\/strong><\/p>\n<p>A concession\u00e1ria AB Nascentes das Gerais administra 371,4 quil\u00f4metros de malha vi\u00e1ria, abrangendo as rodovias MG-050, BR-491 e BR-265, ligando Juatuba, na Regi\u00e3o Metropolitana de Belo Horizonte, e S\u00e3o Sebasti\u00e3o do Para\u00edso, na divisa entre Minas e S\u00e3o Paulo. O contrato de concess\u00e3o, no modelo Parceria P\u00fablico Privada (PPP), foi iniciado em 2007, com dura\u00e7\u00e3o de 25 anos.<\/p>\n<p><strong>Fonte:\u00a0<\/strong>Ag\u00eancia Minas<\/p>\n","protected":false},"excerpt":{"rendered":"<p>O reajuste anual das tarifas de ped\u00e1gio da concess\u00e3o do sistema MG-050 \/ BR-265 \/ BR-491, previsto para entrar em vigor no s\u00e1bado (13), foi adiado por 90 dias, em decis\u00e3o conjunta entre a Secretaria de Estado de Infraestrutura e Mobilidade (Seinfra)\u00a0e a concession\u00e1ria AB Nascentes das Gerais. A medida do\u00a0Governo de Minas Gerais\u00a0busca reduzir [&hellip;]<\/p>\n","protected":false},"author":96,"featured_media":162143,"comment_status":"closed","ping_status":"closed","sticky":false,"template":"","format":"standard","meta":{"footnotes":""},"categories":[436,254,439],"tags":[],"class_list":["post-162142","post","type-post","status-publish","format-standard","has-post-thumbnail","hentry","category-destaque-da-semana","category-politica","category-ultima-hora"],"_links":{"self":[{"href":"https:\/\/diarioregionaldigital.com.br\/index.php?rest_route=\/wp\/v2\/posts\/162142","targetHints":{"allow":["GET"]}}],"collection":[{"href":"https:\/\/diarioregionaldigital.com.br\/index.php?rest_route=\/wp\/v2\/posts"}],"about":[{"href":"https:\/\/diarioregionaldigital.com.br\/index.php?rest_route=\/wp\/v2\/types\/post"}],"author":[{"embeddable":true,"href":"https:\/\/diarioregionaldigital.com.br\/index.php?rest_route=\/wp\/v2\/users\/96"}],"replies":[{"embeddable":true,"href":"https:\/\/diarioregionaldigital.com.br\/index.php?rest_route=%2Fwp%2Fv2%2Fcomments&post=162142"}],"version-history":[{"count":0,"href":"https:\/\/diarioregionaldigital.com.br\/index.php?rest_route=\/wp\/v2\/posts\/162142\/revisions"}],"wp:featuredmedia":[{"embeddable":true,"href":"https:\/\/diarioregionaldigital.com.br\/index.php?rest_route=\/wp\/v2\/media\/162143"}],"wp:attachment":[{"href":"https:\/\/diarioregionaldigital.com.br\/index.php?rest_route=%2Fwp%2Fv2%2Fmedia&parent=162142"}],"wp:term":[{"taxonomy":"category","embeddable":true,"href":"https:\/\/diarioregionaldigital.com.br\/index.php?rest_route=%2Fwp%2Fv2%2Fcategories&post=162142"},{"taxonomy":"post_tag","embeddable":true,"href":"https:\/\/diarioregionaldigital.com.br\/index.php?rest_route=%2Fwp%2Fv2%2Ftags&post=162142"}],"curies":[{"name":"wp","href":"https:\/\/api.w.org\/{rel}","templated":true}]}}