{"id":162139,"date":"2020-06-10T18:02:21","date_gmt":"2020-06-10T21:02:21","guid":{"rendered":"https:\/\/diarioregionaldigital.com.br\/?p=162139"},"modified":"2020-06-10T18:02:21","modified_gmt":"2020-06-10T21:02:21","slug":"secretario-de-saude-reforca-a-importancia-de-isolamento-durante-o-feriado-de-corpus-christi","status":"publish","type":"post","link":"https:\/\/diarioregionaldigital.com.br\/?p=162139","title":{"rendered":"Secret\u00e1rio de Sa\u00fade refor\u00e7a a import\u00e2ncia de isolamento durante o feriado de Corpus Christi"},"content":{"rendered":"<p><main class=\"clear margin-md-bottom-3\"><\/p>\n<div class=\"clear \">\n<p>Na v\u00e9spera do feriado prolongado de Corpus Christi, o secret\u00e1rio de Estado de\u00a0Sa\u00fade, Carlos Eduardo Amaral, e o secret\u00e1rio adjunto de Sa\u00fade, Marcelo Cabral, refor\u00e7aram a import\u00e2ncia da manuten\u00e7\u00e3o do isolamento social. Em coletiva de imprensa virtual nesta quarta-feira (10\/6), eles pediram que a popula\u00e7\u00e3o evite aglomera\u00e7\u00f5es e viagens, especialmente neste momento em que h\u00e1 uma interioriza\u00e7\u00e3o da covid-19 em Minas Gerais.<\/p>\n<p>\u201cNo Dia das M\u00e3es, notamos um aumento na circula\u00e7\u00e3o de pessoas e, consequentemente, dias depois, uma repercuss\u00e3o no aumento da curva. \u00c9 muito importante que nesse feriado mantenhamos o isolamento social adequado, principalmente durante essa acelera\u00e7\u00e3o e a um m\u00eas para o pico da curva. N\u00e3o podemos correr risco de ter explos\u00e3o de casos\u201d, refor\u00e7ou o secret\u00e1rio.<\/p>\n<p>Al\u00e9m de apresentar os dados da covid-19 em Minas, que at\u00e9 o momento registra 17.501 casos e 409 \u00f3bitos confirmados, o secret\u00e1rio falou tamb\u00e9m sobre o aplicativo de telemedicina Sa\u00fade Digital, dispon\u00edvel para o sistema Android, e que oferece atendimento imediato aos usu\u00e1rios do SUS.\u00a0\u201cAs pessoas que instalarem o aplicativo podem fazer uma avalia\u00e7\u00e3o, por meio de intelig\u00eancia artificial, dos sintomas que est\u00e3o sentindo e, com base nisso, o pr\u00f3prio sistema permite o agendamento de uma consulta com profissionais de Sa\u00fade, como m\u00e9dicos, enfermeiros ou psic\u00f3logos\u201d, lembrou.<\/p>\n<p><b>Ocupa\u00e7\u00e3o de leitos<\/b><\/p>\n<p>Em rela\u00e7\u00e3o\u00a0\u00e0\u00a0ocupa\u00e7\u00e3o de leitos nas macrorregi\u00f5es do estado, Carlos Eduardo Amaral informou que a SES-MG acompanha diariamente esses dados, divulgados no boletim epidemiol\u00f3gico da covid-19. \u201cQuando a ocupa\u00e7\u00e3o est\u00e1 alta ou acima de 100%, avaliamos se isso est\u00e1, efetivamente, se traduzindo em restri\u00e7\u00e3o assistencial ou se est\u00e1 dentro do n\u00edvel do sistema\u201d, explicou.<\/p>\n<p>O secret\u00e1rio afirmou tamb\u00e9m que a pasta solicitou ao Minist\u00e9rio da Sa\u00fade o credenciamento de leitos. \u201cHoje, tivemos a publica\u00e7\u00e3o de mais de 300 leitos credenciados em hospitais de Minas, dentro do quantitativo que solicitamos, essa \u00e9 uma not\u00edcia muito positiva e que ir\u00e1 permitir uma amplia\u00e7\u00e3o imediata de leitos no estado\u201d, conclui.<\/p>\n<p><b>Barreiras sanit\u00e1rias<\/b><\/p>\n<p>A regulamenta\u00e7\u00e3o das barreiras sanit\u00e1rias em Minas est\u00e1 prevista em atos normativos, que apontam a efic\u00e1cia da medida e indicam outras conten\u00e7\u00f5es para o enfrentamento da pandemia, como frisou o secret\u00e1rio adjunto de estado de Sa\u00fade, Marcelo Cabral.<\/p>\n<p>\u201cAs barreiras sanit\u00e1rias s\u00e3o previstas em estradas interestaduais e intermunicipais, portos e aeroportos, conforme a Lei Federal 13.979, de 2020. As restri\u00e7\u00f5es em rodovias interestaduais t\u00eam a exig\u00eancia de participa\u00e7\u00e3o da Anvisa. Em Minas, procuramos orientar os gestores locais, com objetivo de exercer algum controle em rela\u00e7\u00e3o \u00e0s quest\u00f5es epidemiol\u00f3gicas, caso seja necess\u00e1rio\u201d, disse.<\/p>\n<p>Segundo Cabral, a\u00a0efic\u00e1cia das\u00a0barreiras sanit\u00e1rias depende das atividades desempenhadas nesses locais. \u201cA efic\u00e1cia dessa medida no enfrentamento da doen\u00e7a depende de seguir as orienta\u00e7\u00f5es previstas em lei, al\u00e9m do engajamento tanto daqueles que realizam a barreira, quanto da popula\u00e7\u00e3o. O ideal \u00e9 que isso seja aliado ao isolamento social e \u00e0s demais medidas de preven\u00e7\u00e3o contra a covid-19\u201d, destacou.<\/p>\n<p><strong>Fonte:\u00a0<\/strong>Ag\u00eancia Minas<\/p>\n<\/div>\n<p><\/main><\/p>\n","protected":false},"excerpt":{"rendered":"<p>Na v\u00e9spera do feriado prolongado de Corpus Christi, o secret\u00e1rio de Estado de\u00a0Sa\u00fade, Carlos Eduardo Amaral, e o secret\u00e1rio adjunto de Sa\u00fade, Marcelo Cabral, refor\u00e7aram a import\u00e2ncia da manuten\u00e7\u00e3o do isolamento social. Em coletiva de imprensa virtual nesta quarta-feira (10\/6), eles pediram que a popula\u00e7\u00e3o evite aglomera\u00e7\u00f5es e viagens, especialmente neste momento em que h\u00e1 [&hellip;]<\/p>\n","protected":false},"author":96,"featured_media":162140,"comment_status":"closed","ping_status":"closed","sticky":false,"template":"","format":"standard","meta":{"footnotes":""},"categories":[436,254,439],"tags":[],"class_list":["post-162139","post","type-post","status-publish","format-standard","has-post-thumbnail","hentry","category-destaque-da-semana","category-politica","category-ultima-hora"],"_links":{"self":[{"href":"https:\/\/diarioregionaldigital.com.br\/index.php?rest_route=\/wp\/v2\/posts\/162139","targetHints":{"allow":["GET"]}}],"collection":[{"href":"https:\/\/diarioregionaldigital.com.br\/index.php?rest_route=\/wp\/v2\/posts"}],"about":[{"href":"https:\/\/diarioregionaldigital.com.br\/index.php?rest_route=\/wp\/v2\/types\/post"}],"author":[{"embeddable":true,"href":"https:\/\/diarioregionaldigital.com.br\/index.php?rest_route=\/wp\/v2\/users\/96"}],"replies":[{"embeddable":true,"href":"https:\/\/diarioregionaldigital.com.br\/index.php?rest_route=%2Fwp%2Fv2%2Fcomments&post=162139"}],"version-history":[{"count":0,"href":"https:\/\/diarioregionaldigital.com.br\/index.php?rest_route=\/wp\/v2\/posts\/162139\/revisions"}],"wp:featuredmedia":[{"embeddable":true,"href":"https:\/\/diarioregionaldigital.com.br\/index.php?rest_route=\/wp\/v2\/media\/162140"}],"wp:attachment":[{"href":"https:\/\/diarioregionaldigital.com.br\/index.php?rest_route=%2Fwp%2Fv2%2Fmedia&parent=162139"}],"wp:term":[{"taxonomy":"category","embeddable":true,"href":"https:\/\/diarioregionaldigital.com.br\/index.php?rest_route=%2Fwp%2Fv2%2Fcategories&post=162139"},{"taxonomy":"post_tag","embeddable":true,"href":"https:\/\/diarioregionaldigital.com.br\/index.php?rest_route=%2Fwp%2Fv2%2Ftags&post=162139"}],"curies":[{"name":"wp","href":"https:\/\/api.w.org\/{rel}","templated":true}]}}