{"id":162136,"date":"2020-06-10T17:45:40","date_gmt":"2020-06-10T20:45:40","guid":{"rendered":"https:\/\/diarioregionaldigital.com.br\/?p=162136"},"modified":"2020-06-10T17:45:40","modified_gmt":"2020-06-10T20:45:40","slug":"oxis-energy-confirma-instalacao-de-fabrica-em-juiz-de-fora","status":"publish","type":"post","link":"https:\/\/diarioregionaldigital.com.br\/?p=162136","title":{"rendered":"Oxis Energy confirma instala\u00e7\u00e3o de f\u00e1brica em Juiz de Fora"},"content":{"rendered":"<p><span style=\"font-weight: 400;\">O prefeito Ant\u00f4nio Almas recebeu na ter\u00e7a-feira (9), representantes da empresa brit\u00e2nica Oxis Energy e da Companhia de Desenvolvimento de Minas Gerais (Codemge), que confirmaram a instala\u00e7\u00e3o da primeira f\u00e1brica de c\u00e9lulas de bateria de l\u00edtio-enxofre do mundo em Juiz de Fora. Estiveram presentes na reuni\u00e3o o secret\u00e1rio de Desenvolvimento Econ\u00f4mico, Turismo e Agropecu\u00e1ria (Sedeta) da Prefeitura de Juiz de Fora (PJF), L\u00facio S\u00e1 Fortes; o gerente de Fomento \u00e0 Economia Local, Luiz Alberto Rodrigues; o assessor da Sedeta, Manoel Barbosa Leite Neto; e os gerentes da Oxis Energy na Am\u00e9rica Latina, Enzo Pasquali; de engenharia da Codemge, Dimas Jos\u00e9 \u00c1lvares; e de Unidade de Neg\u00f3cios da Codemge, Rodrigo Montnegro Mesquita.<\/span><\/p>\n<p><span style=\"font-weight: 400;\">O in\u00edcio das opera\u00e7\u00f5es da \u201cOxis Brasil\u201d, fruto de parceria da Companhia com a Oxis Energy, est\u00e1 previsto para 2023. A adequa\u00e7\u00e3o de galp\u00e3o de 20 mil metros quadrados, no Parque Industrial da Mercedes-Benz, que sediar\u00e1 a f\u00e1brica, ter\u00e1 in\u00edcio imediato, com investimentos iniciais de US$ 56 milh\u00f5es (cerca de R$ 245 milh\u00f5es). Para a primeira fase est\u00e1 prevista a gera\u00e7\u00e3o de cerca de cem empregos diretos, chegando a 400 postos nos pr\u00f3ximos anos.<\/span><\/p>\n<p><span style=\"font-weight: 400;\">Segundo a empresa, a \u201cFase 1\u201d permitir\u00e1 a produ\u00e7\u00e3o de cinco milh\u00f5es de c\u00e9lulas de enxofre de l\u00edtio (Li-S) por ano, com op\u00e7\u00e3o de estender e dobrar a capacidade. \u201cIsso criar\u00e1 centenas de empregos, principalmente de alta qualifica\u00e7\u00e3o, nos pr\u00f3ximos dez anos, com a Oxis tendo acesso \u00e0 experi\u00eancia e inova\u00e7\u00e3o de estudantes nas respeit\u00e1veis universidades de Juiz de Fora\u201d, afirmou a empresa, em nota.<\/span><\/p>\n<p><span style=\"font-weight: 400;\">Fundada em 2005, a Oxis est\u00e1 envolvida no design e desenvolvimento, e segue em dire\u00e7\u00e3o \u00e0 produ\u00e7\u00e3o comercial das c\u00e9lulas de l\u00edtio-enxofre, componentes das baterias, como as utilizadas em ve\u00edculos el\u00e9tricos, para atender ind\u00fastrias de defesa e aeroespacial \u2013 tripulados ou n\u00e3o. A inten\u00e7\u00e3o, segundo a empresa, \u00e9 de que, dentro de cinco anos, a f\u00e1brica seja centro de excel\u00eancia, produzindo c\u00e9lulas e sistemas de baterias e de baterias de enxofre de l\u00edtio, de classe mundial.<\/span><\/p>\n<p><span style=\"font-weight: 400;\">Juiz de Fora foi escolhida, principalmente, por sua posi\u00e7\u00e3o geogr\u00e1fica e facilidades log\u00edsticas: a tr\u00eas horas de dist\u00e2ncia das capitais mineira e carioca; acesso \u00e0 linha f\u00e9rrea e ao porto do Rio de Janeiro; e proximidade de entreposto que simplifica tr\u00e2mites alfandeg\u00e1rios, al\u00e9m de contar com boas escolas e universidades, m\u00e3o de obra especializada e ampla rede de servi\u00e7os.<\/span><\/p>\n<p><strong>Fonte:\u00a0<\/strong>Assessoria<\/p>\n","protected":false},"excerpt":{"rendered":"<p>O prefeito Ant\u00f4nio Almas recebeu na ter\u00e7a-feira (9), representantes da empresa brit\u00e2nica Oxis Energy e da Companhia de Desenvolvimento de Minas Gerais (Codemge), que confirmaram a instala\u00e7\u00e3o da primeira f\u00e1brica de c\u00e9lulas de bateria de l\u00edtio-enxofre do mundo em Juiz de Fora. Estiveram presentes na reuni\u00e3o o secret\u00e1rio de Desenvolvimento Econ\u00f4mico, Turismo e Agropecu\u00e1ria (Sedeta) [&hellip;]<\/p>\n","protected":false},"author":96,"featured_media":162137,"comment_status":"closed","ping_status":"closed","sticky":false,"template":"","format":"standard","meta":{"footnotes":""},"categories":[253,436,439],"tags":[],"class_list":["post-162136","post","type-post","status-publish","format-standard","has-post-thumbnail","hentry","category-cidade","category-destaque-da-semana","category-ultima-hora"],"_links":{"self":[{"href":"https:\/\/diarioregionaldigital.com.br\/index.php?rest_route=\/wp\/v2\/posts\/162136","targetHints":{"allow":["GET"]}}],"collection":[{"href":"https:\/\/diarioregionaldigital.com.br\/index.php?rest_route=\/wp\/v2\/posts"}],"about":[{"href":"https:\/\/diarioregionaldigital.com.br\/index.php?rest_route=\/wp\/v2\/types\/post"}],"author":[{"embeddable":true,"href":"https:\/\/diarioregionaldigital.com.br\/index.php?rest_route=\/wp\/v2\/users\/96"}],"replies":[{"embeddable":true,"href":"https:\/\/diarioregionaldigital.com.br\/index.php?rest_route=%2Fwp%2Fv2%2Fcomments&post=162136"}],"version-history":[{"count":0,"href":"https:\/\/diarioregionaldigital.com.br\/index.php?rest_route=\/wp\/v2\/posts\/162136\/revisions"}],"wp:featuredmedia":[{"embeddable":true,"href":"https:\/\/diarioregionaldigital.com.br\/index.php?rest_route=\/wp\/v2\/media\/162137"}],"wp:attachment":[{"href":"https:\/\/diarioregionaldigital.com.br\/index.php?rest_route=%2Fwp%2Fv2%2Fmedia&parent=162136"}],"wp:term":[{"taxonomy":"category","embeddable":true,"href":"https:\/\/diarioregionaldigital.com.br\/index.php?rest_route=%2Fwp%2Fv2%2Fcategories&post=162136"},{"taxonomy":"post_tag","embeddable":true,"href":"https:\/\/diarioregionaldigital.com.br\/index.php?rest_route=%2Fwp%2Fv2%2Ftags&post=162136"}],"curies":[{"name":"wp","href":"https:\/\/api.w.org\/{rel}","templated":true}]}}