{"id":162134,"date":"2020-06-10T17:01:26","date_gmt":"2020-06-10T20:01:26","guid":{"rendered":"https:\/\/diarioregionaldigital.com.br\/?p=162134"},"modified":"2020-06-10T17:01:26","modified_gmt":"2020-06-10T20:01:26","slug":"homem-tem-celular-roubado-por-dois-individuos","status":"publish","type":"post","link":"https:\/\/diarioregionaldigital.com.br\/?p=162134","title":{"rendered":"Homem tem celular roubado por dois indiv\u00edduos"},"content":{"rendered":"<p>Um homem de 44 anos, relatou a Pol\u00edcia Militar (PM), que transitava pela passarela que d\u00e1 acesso \u00e0 rua Bernardo Mascarenhas, quando em um determinado momento foi abordado por dois indiv\u00edduos, a qual reconheceu um dos autores e que tais indiv\u00edduos, ap\u00f3s abord\u00e1-lo, mediante viol\u00eancia f\u00edsica roubou seu aparelho de telefone celular. Os suspeitos fugiram em dire\u00e7\u00e3o ao Bairro Cer\u00e2mica. De posse das caracter\u00edsticas do autor, os militares iniciaram o rastreamento pelas imedia\u00e7\u00f5es, logrando \u00eaxito em localizar o mesmo caminhando \u00e0s Margens da Avenida Brasil, onde ap\u00f3s ser devidamente abordado, foi conduzido \u00e0 presen\u00e7a da v\u00edtima que o reconheceu de imediato. Autor preso em flagrante delito e encaminhado \u00e0 presen\u00e7a da autoridade de pol\u00edcia judici\u00e1ria para as demais provid\u00eancias.<\/p>\n","protected":false},"excerpt":{"rendered":"<p>Um homem de 44 anos, relatou a Pol\u00edcia Militar (PM), que transitava pela passarela que d\u00e1 acesso \u00e0 rua Bernardo Mascarenhas, quando em um determinado momento foi abordado por dois indiv\u00edduos, a qual reconheceu um dos autores e que tais indiv\u00edduos, ap\u00f3s abord\u00e1-lo, mediante viol\u00eancia f\u00edsica roubou seu aparelho de telefone celular. Os suspeitos fugiram [&hellip;]<\/p>\n","protected":false},"author":96,"featured_media":161269,"comment_status":"closed","ping_status":"closed","sticky":false,"template":"","format":"standard","meta":{"footnotes":""},"categories":[301,436,439],"tags":[],"class_list":["post-162134","post","type-post","status-publish","format-standard","has-post-thumbnail","hentry","category-artigos-policiais","category-destaque-da-semana","category-ultima-hora"],"_links":{"self":[{"href":"https:\/\/diarioregionaldigital.com.br\/index.php?rest_route=\/wp\/v2\/posts\/162134","targetHints":{"allow":["GET"]}}],"collection":[{"href":"https:\/\/diarioregionaldigital.com.br\/index.php?rest_route=\/wp\/v2\/posts"}],"about":[{"href":"https:\/\/diarioregionaldigital.com.br\/index.php?rest_route=\/wp\/v2\/types\/post"}],"author":[{"embeddable":true,"href":"https:\/\/diarioregionaldigital.com.br\/index.php?rest_route=\/wp\/v2\/users\/96"}],"replies":[{"embeddable":true,"href":"https:\/\/diarioregionaldigital.com.br\/index.php?rest_route=%2Fwp%2Fv2%2Fcomments&post=162134"}],"version-history":[{"count":0,"href":"https:\/\/diarioregionaldigital.com.br\/index.php?rest_route=\/wp\/v2\/posts\/162134\/revisions"}],"wp:featuredmedia":[{"embeddable":true,"href":"https:\/\/diarioregionaldigital.com.br\/index.php?rest_route=\/wp\/v2\/media\/161269"}],"wp:attachment":[{"href":"https:\/\/diarioregionaldigital.com.br\/index.php?rest_route=%2Fwp%2Fv2%2Fmedia&parent=162134"}],"wp:term":[{"taxonomy":"category","embeddable":true,"href":"https:\/\/diarioregionaldigital.com.br\/index.php?rest_route=%2Fwp%2Fv2%2Fcategories&post=162134"},{"taxonomy":"post_tag","embeddable":true,"href":"https:\/\/diarioregionaldigital.com.br\/index.php?rest_route=%2Fwp%2Fv2%2Ftags&post=162134"}],"curies":[{"name":"wp","href":"https:\/\/api.w.org\/{rel}","templated":true}]}}