{"id":162132,"date":"2020-06-10T16:56:22","date_gmt":"2020-06-10T19:56:22","guid":{"rendered":"https:\/\/diarioregionaldigital.com.br\/?p=162132"},"modified":"2020-06-10T16:56:22","modified_gmt":"2020-06-10T19:56:22","slug":"vitima-e-agredida-com-pancada-na-cabeca-durante-assalto-em-nova-benfica","status":"publish","type":"post","link":"https:\/\/diarioregionaldigital.com.br\/?p=162132","title":{"rendered":"V\u00edtima \u00e9 agredida com pancada na cabe\u00e7a durante assalto em Nova Benfica"},"content":{"rendered":"<p>Um homem de 44 anos, relatou a Pol\u00edcia Militar (PM), que transitava pela Rua Martins Barbosa, no Bairro Nova Benfica (Regi\u00e3o Noroeste), quando foi surpreendida pelo autor n\u00e3o conseguindo visualizar suas caracter\u00edsticas, o qual saiu de um matal pr\u00f3ximo a via e agrediu a v\u00edtima por tr\u00e1s com uma pancada na cabe\u00e7a. O homem conseguiu caminhar at\u00e9 o local de trabalho onde foi socorrido na UPA Norte para assist\u00eancia m\u00e9dica permanecendo em observa\u00e7\u00f5es.<\/p>\n<p>A v\u00edtima perdeu uma bicicleta, R$20,00 em dinheiro, cart\u00f5es de cr\u00e9dito, carteira de identidade e CPF. Durante atendimento m\u00e9dico, foi constatado que as agress\u00f5es resultaram les\u00e3o aparente na face, cabe\u00e7a e olho direito. A v\u00edtima permaneceu em observa\u00e7\u00e3o na unidade.<\/p>\n","protected":false},"excerpt":{"rendered":"<p>Um homem de 44 anos, relatou a Pol\u00edcia Militar (PM), que transitava pela Rua Martins Barbosa, no Bairro Nova Benfica (Regi\u00e3o Noroeste), quando foi surpreendida pelo autor n\u00e3o conseguindo visualizar suas caracter\u00edsticas, o qual saiu de um matal pr\u00f3ximo a via e agrediu a v\u00edtima por tr\u00e1s com uma pancada na cabe\u00e7a. O homem conseguiu [&hellip;]<\/p>\n","protected":false},"author":96,"featured_media":161269,"comment_status":"closed","ping_status":"closed","sticky":false,"template":"","format":"standard","meta":{"footnotes":""},"categories":[301,436,439],"tags":[],"class_list":["post-162132","post","type-post","status-publish","format-standard","has-post-thumbnail","hentry","category-artigos-policiais","category-destaque-da-semana","category-ultima-hora"],"_links":{"self":[{"href":"https:\/\/diarioregionaldigital.com.br\/index.php?rest_route=\/wp\/v2\/posts\/162132","targetHints":{"allow":["GET"]}}],"collection":[{"href":"https:\/\/diarioregionaldigital.com.br\/index.php?rest_route=\/wp\/v2\/posts"}],"about":[{"href":"https:\/\/diarioregionaldigital.com.br\/index.php?rest_route=\/wp\/v2\/types\/post"}],"author":[{"embeddable":true,"href":"https:\/\/diarioregionaldigital.com.br\/index.php?rest_route=\/wp\/v2\/users\/96"}],"replies":[{"embeddable":true,"href":"https:\/\/diarioregionaldigital.com.br\/index.php?rest_route=%2Fwp%2Fv2%2Fcomments&post=162132"}],"version-history":[{"count":0,"href":"https:\/\/diarioregionaldigital.com.br\/index.php?rest_route=\/wp\/v2\/posts\/162132\/revisions"}],"wp:featuredmedia":[{"embeddable":true,"href":"https:\/\/diarioregionaldigital.com.br\/index.php?rest_route=\/wp\/v2\/media\/161269"}],"wp:attachment":[{"href":"https:\/\/diarioregionaldigital.com.br\/index.php?rest_route=%2Fwp%2Fv2%2Fmedia&parent=162132"}],"wp:term":[{"taxonomy":"category","embeddable":true,"href":"https:\/\/diarioregionaldigital.com.br\/index.php?rest_route=%2Fwp%2Fv2%2Fcategories&post=162132"},{"taxonomy":"post_tag","embeddable":true,"href":"https:\/\/diarioregionaldigital.com.br\/index.php?rest_route=%2Fwp%2Fv2%2Ftags&post=162132"}],"curies":[{"name":"wp","href":"https:\/\/api.w.org\/{rel}","templated":true}]}}