{"id":162130,"date":"2020-06-10T16:47:27","date_gmt":"2020-06-10T19:47:27","guid":{"rendered":"https:\/\/diarioregionaldigital.com.br\/?p=162130"},"modified":"2020-06-10T16:47:27","modified_gmt":"2020-06-10T19:47:27","slug":"testemunha-ajuda-vitima-a-recuperar-celular-roubado","status":"publish","type":"post","link":"https:\/\/diarioregionaldigital.com.br\/?p=162130","title":{"rendered":"Testemunha ajuda v\u00edtima a recuperar celular roubado"},"content":{"rendered":"<p>Uma mulher de 42 anos, falava no telefone enquanto transitava pela Rua Danilo Breviglieri, no Bairro Bonfim, quando em um determinado momento um indiv\u00edduo pegou o aparelho de forma abrupta e tentou fugir do local. Uma testemunha que presenciou o ato, perseguiu o autor e teve \u00eaxito em recuperar o aparelho celular subtra\u00eddo da v\u00edtima, e com a ajuda de terceiros conseguiu deter o autor at\u00e9 a chegada da Pol\u00edcia Militar (PM). A v\u00edtima reconheceu o autor sendo este preso em flagrante delito e encaminhado \u00e0 presen\u00e7a da autoridade de pol\u00edcia para as demais provid\u00eancias.<\/p>\n","protected":false},"excerpt":{"rendered":"<p>Uma mulher de 42 anos, falava no telefone enquanto transitava pela Rua Danilo Breviglieri, no Bairro Bonfim, quando em um determinado momento um indiv\u00edduo pegou o aparelho de forma abrupta e tentou fugir do local. Uma testemunha que presenciou o ato, perseguiu o autor e teve \u00eaxito em recuperar o aparelho celular subtra\u00eddo da v\u00edtima, [&hellip;]<\/p>\n","protected":false},"author":96,"featured_media":161269,"comment_status":"closed","ping_status":"closed","sticky":false,"template":"","format":"standard","meta":{"footnotes":""},"categories":[301,436,439],"tags":[],"class_list":["post-162130","post","type-post","status-publish","format-standard","has-post-thumbnail","hentry","category-artigos-policiais","category-destaque-da-semana","category-ultima-hora"],"_links":{"self":[{"href":"https:\/\/diarioregionaldigital.com.br\/index.php?rest_route=\/wp\/v2\/posts\/162130","targetHints":{"allow":["GET"]}}],"collection":[{"href":"https:\/\/diarioregionaldigital.com.br\/index.php?rest_route=\/wp\/v2\/posts"}],"about":[{"href":"https:\/\/diarioregionaldigital.com.br\/index.php?rest_route=\/wp\/v2\/types\/post"}],"author":[{"embeddable":true,"href":"https:\/\/diarioregionaldigital.com.br\/index.php?rest_route=\/wp\/v2\/users\/96"}],"replies":[{"embeddable":true,"href":"https:\/\/diarioregionaldigital.com.br\/index.php?rest_route=%2Fwp%2Fv2%2Fcomments&post=162130"}],"version-history":[{"count":0,"href":"https:\/\/diarioregionaldigital.com.br\/index.php?rest_route=\/wp\/v2\/posts\/162130\/revisions"}],"wp:featuredmedia":[{"embeddable":true,"href":"https:\/\/diarioregionaldigital.com.br\/index.php?rest_route=\/wp\/v2\/media\/161269"}],"wp:attachment":[{"href":"https:\/\/diarioregionaldigital.com.br\/index.php?rest_route=%2Fwp%2Fv2%2Fmedia&parent=162130"}],"wp:term":[{"taxonomy":"category","embeddable":true,"href":"https:\/\/diarioregionaldigital.com.br\/index.php?rest_route=%2Fwp%2Fv2%2Fcategories&post=162130"},{"taxonomy":"post_tag","embeddable":true,"href":"https:\/\/diarioregionaldigital.com.br\/index.php?rest_route=%2Fwp%2Fv2%2Ftags&post=162130"}],"curies":[{"name":"wp","href":"https:\/\/api.w.org\/{rel}","templated":true}]}}