{"id":162123,"date":"2020-06-10T16:28:00","date_gmt":"2020-06-10T19:28:00","guid":{"rendered":"https:\/\/diarioregionaldigital.com.br\/?p=162123"},"modified":"2020-06-10T16:28:00","modified_gmt":"2020-06-10T19:28:00","slug":"pcmg-conclui-investigacoes-referentes-a-casos-de-homicidios-ocorridos-em-juiz-de-fora","status":"publish","type":"post","link":"https:\/\/diarioregionaldigital.com.br\/?p=162123","title":{"rendered":"PCMG conclui investiga\u00e7\u00f5es referentes a casos de homic\u00eddios ocorridos em Juiz de Fora"},"content":{"rendered":"<p><span style=\"font-weight: 400;\">A Pol\u00edcia Civil de Minas Gerais (PCMG), concluiu nessa quarta-feira (10), as investiga\u00e7\u00f5es referentes a dois casos de homic\u00eddios ocorridos nos meses de fevereiro e mar\u00e7o em Juiz de Fora. O primeiro caso solucionado \u00e9 referente \u00e0 morte de um lutador de MMA, ocorrido no dia 18 de mar\u00e7o no Bairro Santa Luzia (Regi\u00e3o Sul). Ap\u00f3s dilig\u00eancias, um suspeito de 25 anos foi preso na ter\u00e7a-feira (9).<\/span><\/p>\n<p><span style=\"font-weight: 400;\">De acordo com o Delegado Rodrigo Rolli, as apura\u00e7\u00f5es da Delegacia Especializada de Homic\u00eddios elucidaram a autoria e a motiva\u00e7\u00e3o do homic\u00eddio consumado. O inqu\u00e9rito policial j\u00e1 havia sido conclu\u00eddo e enviado \u00e0 Justi\u00e7a, com pedidos de pris\u00f5es preventivas em desfavor de dois suspeitos.\u00a0 \u201cUm foi preso ontem pela Delegacia Especializada e o outro, 32 anos, encontra-se foragido\u201d, informou.<\/span><\/p>\n<p><span style=\"font-weight: 400;\">Quanto ao suspeito foragido, a autoridade policial diz que o mesmo possui v\u00e1rias passagens na pol\u00edcia e \u201ctem mandado de pris\u00e3o em aberto expedido pela Vara de Execu\u00e7\u00f5es Criminais da cidade de Juiz de Fora, em desfavor do investigado, que foi condenado a mais de 19 anos de pris\u00e3o\u201d.<\/span><\/p>\n<p><span style=\"font-weight: 400;\">Segundo o Delegado, a causa do crime tem liga\u00e7\u00f5es pessoais entre os envolvidos. No caso, a v\u00edtima tinha rela\u00e7\u00f5es amorosas com a mulher do autor de 25 anos:<\/span><\/p>\n<p><span style=\"font-weight: 400;\">\u201cA v\u00edtima teria mantido um relacionamento amoroso com a mulher do autor mais novo, enquanto ele estava preso. Quando o homem saiu do sistema prisional, em fevereiro deste ano, teria cometido o crime.\u201d<\/span><\/p>\n<p><span style=\"font-weight: 400;\">Outro caso solucionado pelos policiais \u00e9 referente ao homic\u00eddio ocorrido no dia 21 de fevereiro, durante um bloco de carnaval. Naquela ocasi\u00e3o, um jovem de 21 anos foi atingido por disparos de arma de fogo. O autor do crime j\u00e1 foi identificado pela PCMG e motiva\u00e7\u00e3o estaria ligada \u00e0 rivalidade entre bairros e teria como pano de fundo o tr\u00e1fico de drogas. Conforme o Delegado, o inqu\u00e9rito policial foi relatado e ser\u00e1 enviado \u00e0 Justi\u00e7a, com pedido de pris\u00e3o do investigado.<\/span><\/p>\n<p>&nbsp;<\/p>\n","protected":false},"excerpt":{"rendered":"<p>A Pol\u00edcia Civil de Minas Gerais (PCMG), concluiu nessa quarta-feira (10), as investiga\u00e7\u00f5es referentes a dois casos de homic\u00eddios ocorridos nos meses de fevereiro e mar\u00e7o em Juiz de Fora. O primeiro caso solucionado \u00e9 referente \u00e0 morte de um lutador de MMA, ocorrido no dia 18 de mar\u00e7o no Bairro Santa Luzia (Regi\u00e3o Sul). [&hellip;]<\/p>\n","protected":false},"author":96,"featured_media":162124,"comment_status":"closed","ping_status":"closed","sticky":false,"template":"","format":"standard","meta":{"footnotes":""},"categories":[301,436,439],"tags":[],"class_list":["post-162123","post","type-post","status-publish","format-standard","has-post-thumbnail","hentry","category-artigos-policiais","category-destaque-da-semana","category-ultima-hora"],"_links":{"self":[{"href":"https:\/\/diarioregionaldigital.com.br\/index.php?rest_route=\/wp\/v2\/posts\/162123","targetHints":{"allow":["GET"]}}],"collection":[{"href":"https:\/\/diarioregionaldigital.com.br\/index.php?rest_route=\/wp\/v2\/posts"}],"about":[{"href":"https:\/\/diarioregionaldigital.com.br\/index.php?rest_route=\/wp\/v2\/types\/post"}],"author":[{"embeddable":true,"href":"https:\/\/diarioregionaldigital.com.br\/index.php?rest_route=\/wp\/v2\/users\/96"}],"replies":[{"embeddable":true,"href":"https:\/\/diarioregionaldigital.com.br\/index.php?rest_route=%2Fwp%2Fv2%2Fcomments&post=162123"}],"version-history":[{"count":0,"href":"https:\/\/diarioregionaldigital.com.br\/index.php?rest_route=\/wp\/v2\/posts\/162123\/revisions"}],"wp:featuredmedia":[{"embeddable":true,"href":"https:\/\/diarioregionaldigital.com.br\/index.php?rest_route=\/wp\/v2\/media\/162124"}],"wp:attachment":[{"href":"https:\/\/diarioregionaldigital.com.br\/index.php?rest_route=%2Fwp%2Fv2%2Fmedia&parent=162123"}],"wp:term":[{"taxonomy":"category","embeddable":true,"href":"https:\/\/diarioregionaldigital.com.br\/index.php?rest_route=%2Fwp%2Fv2%2Fcategories&post=162123"},{"taxonomy":"post_tag","embeddable":true,"href":"https:\/\/diarioregionaldigital.com.br\/index.php?rest_route=%2Fwp%2Fv2%2Ftags&post=162123"}],"curies":[{"name":"wp","href":"https:\/\/api.w.org\/{rel}","templated":true}]}}