{"id":162120,"date":"2020-06-10T16:12:11","date_gmt":"2020-06-10T19:12:11","guid":{"rendered":"https:\/\/diarioregionaldigital.com.br\/?p=162120"},"modified":"2020-06-10T16:12:11","modified_gmt":"2020-06-10T19:12:11","slug":"covid-19-comite-de-enfrentamento-decide-fechar-bares-e-pjf-edita-novo-decreto","status":"publish","type":"post","link":"https:\/\/diarioregionaldigital.com.br\/?p=162120","title":{"rendered":"Covid-19 \u2013 Comit\u00ea de enfrentamento decide fechar bares e PJF edita novo decreto"},"content":{"rendered":"<p><span style=\"font-weight: 400;\">A Prefeitura de Juiz de Fora (PJF) vai reeditar decreto que disp\u00f5e sobre as medidas preventivas de combate ao coronav\u00edrus, proibindo a abertura de bares na cidade. O novo documento vai ser publicado no Di\u00e1rio Oficial do Munic\u00edpio desta sexta-feira, 12, e passa a valer a partir do s\u00e1bado, 13. A proposta de fechamento dos bares foi apresentada pelo Minist\u00e9rio P\u00fablico (MP) na reuni\u00e3o do Comit\u00ea Municipal de Enfrentamento e Preven\u00e7\u00e3o \u00e0 Covid-19, realizada na noite dessa ter\u00e7a-feira, 9, e aprovada pela maioria dos participantes.<\/span><\/p>\n<p><span style=\"font-weight: 400;\">O coordenador regional das Promotorias de Justi\u00e7a de Defesa da Sa\u00fade da Macrorregi\u00e3o Sanit\u00e1ria Sudeste, Rodrigo Barros, se mostrou preocupado com as aglomera\u00e7\u00f5es em bares e afirmou que o Munic\u00edpio deveria ser mais rigoroso com este segmento. Barros pediu um posicionamento da gerente do Departamento de Vigil\u00e2ncia Epidemiol\u00f3gica e Ambiental da PJF, Cec\u00edlia Kosmann, e do professor pesquisador da UFJF, Fernando Colugnati, que passaram a integrar o Comit\u00ea.<\/span><\/p>\n<p><span style=\"font-weight: 400;\">Apesar de Juiz de Fora estar h\u00e1 cinco dias sem registrar nenhum \u00f3bito por Covid-19, o boletim epidemiol\u00f3gico municipal desta ter\u00e7a-feira, 9, trouxe 165 casos suspeitos em 24 horas (terceiro maior \u00edndice, em 24 horas, registrado durante toda a pandemia em Juiz de Fora) e 45 casos confirmados (maior \u00edndice de confirma\u00e7\u00e3o, em um dia, durante toda a pandemia na cidade). Para Colugnati, estes n\u00fameros chamam aten\u00e7\u00e3o sobre o momento epidemiol\u00f3gico da cidade.<\/span><\/p>\n<p><span style=\"font-weight: 400;\">\u201cAs an\u00e1lises que a UFJF faz s\u00e3os baseadas em a\u00e7\u00f5es quinzenais e o aumento do n\u00famero de casos suspeitos e confirmados j\u00e1 pode ser reflexo da flexibiliza\u00e7\u00e3o. A pandemia pode estar em um novo ciclo em Juiz de Fora, espalhada em novos perfis da cidade. Bares levam \u00e0 aglomera\u00e7\u00e3o, consumo de bebida alco\u00f3lica e relaxamento da etiqueta sanit\u00e1ria\u201d, afirmou, concordando com o promotor.<\/span><\/p>\n<p><span style=\"font-weight: 400;\">O professor tamb\u00e9m destacou o aumento de hospitaliza\u00e7\u00e3o de pacientes Covid-19. Segundo o especialista, a ocupa\u00e7\u00e3o de leitos de enfermaria e de UTIs em Juiz de Fora aumentou nos \u00faltimos dias. A m\u00e9dia girava em torno de 80 leitos ocupados. Hoje, este n\u00famero chega a 110.<\/span><\/p>\n<p><span style=\"font-weight: 400;\">A opini\u00e3o da gerente do Departamento de Vigil\u00e2ncia Epidemiol\u00f3gica da PJF foi ao encontro de Colugnati e do promotor. Kosmann afirmou que vem observando um crescimento expressivo nos casos positivos na cidade e ainda se mostrou preocupada com a chegada do inverno. \u201cCom o frio, come\u00e7am a circular novos pat\u00f3genos. A partir de agora, teremos v\u00e1rios v\u00edrus circulando por causa das baixas temperaturas, o que pode aumentar as demandas das unidades de sa\u00fade. Isso nos traz um alerta porque teremos que monitorar todos os agravos\u201d, explicou.<\/span><\/p>\n<p><span style=\"font-weight: 400;\">Durante a reuni\u00e3o por videoconfer\u00eancia, o prefeito Ant\u00f4nio Almas deixou claro que, no primeiro Decreto Municipal, os bares estavam proibidos de funcionar. Era permitido somente servi\u00e7o de delivery. Mas, ap\u00f3s ades\u00e3o ao Minas Consciente, houve a flexibiliza\u00e7\u00e3o deste servi\u00e7o que constava no decreto estadual. Como a quest\u00e3o foi levantada na reuni\u00e3o e a maioria concordou por retroceder e fechar os bares novamente, o l\u00edder do Executivo concordou em editar um novo decreto para a \u00e1rea.<\/span><\/p>\n<p><span style=\"font-weight: 400;\">Almas tamb\u00e9m destacou a import\u00e2ncia da ajuda da Pol\u00edcia Militar (PM) na fiscaliza\u00e7\u00e3o do decreto. \u201cQuando aderimos ao Minas Consciente, esper\u00e1vamos um apoio mais incisivo da PM nas a\u00e7\u00f5es de fiscaliza\u00e7\u00e3o. Precisamos desta parceria para fazer cumprir o decreto. Em muitas a\u00e7\u00f5es, nossos fiscais t\u00eam sido amea\u00e7ados\u201d, informou.<\/span><\/p>\n<p><b>Abertura das bancas de jornais<\/b><\/p>\n<p><span style=\"font-weight: 400;\">A volta do funcionamento das bancas de jornais tamb\u00e9m foi abordada pelo presidente da C\u00e2mara de Dirigentes Lojistas de Juiz de Fora, Marcos Casarin, e pela vereadora Ana Rossignoli, vice-presidente da C\u00e2mara Municipal de Juiz de Fora, representando o Poder Legislativo.<\/span><\/p>\n<p><span style=\"font-weight: 400;\">O prefeito explicou que j\u00e1 enviou pedido para o Governo de Minas solicitando a abertura das bancas, o que era permitido no decreto municipal. \u201cNo caso dos bares, como \u00e9 uma medida restritiva, o munic\u00edpio tem a prerrogativa de alterar o decreto. Contudo, nos casos das bancas, que \u00e9 abertura de um novo servi\u00e7o, \u00e9 necess\u00e1rio autoriza\u00e7\u00e3o do Estado\u201d, explicou.<\/span><\/p>\n<p><b>Igrejas e templos religiosos<\/b><\/p>\n<p><span style=\"font-weight: 400;\">Outra tema levantado pela vereadora Ana durante a reuni\u00e3o foi a reabertura das igrejas e templos religiosos. Segunda a parlamentar, os vereadores de Juiz de Fora solicitaram a discuss\u00e3o desta pauta durante a reuni\u00e3o do Comit\u00ea, impulsionada por um Projeto de Lei (PL) do vereador Andr\u00e9 Mariano que trata os templos religiosos e igrejas como servi\u00e7o essencial.<\/span><\/p>\n<p><span style=\"font-weight: 400;\">Almas explicou como funciona a regulamenta\u00e7\u00e3o neste caso. \u201cN\u00e3o h\u00e1 determina\u00e7\u00e3o em decreto que impe\u00e7a que templos e igrejas fiquem abertos. O que h\u00e1 \u00e9 uma orienta\u00e7\u00e3o que n\u00e3o se realizem cultos e missas com aglomera\u00e7\u00e3o, apenas on-line, resguardando o distanciamento social e uso de m\u00e1scaras\u201d.<\/span><\/p>\n<p><span style=\"font-weight: 400;\">Esta foi a nona reuni\u00e3o do Comit\u00ea que tem a seguinte forma\u00e7\u00e3o: prefeito de Juiz de Fora, Ant\u00f4nio Almas; coronel Luciano Washington Vivas, Comandante da 4\u00aa Regi\u00e3o de Pol\u00edcia Militar; Dra. Rachel Tolomelli Campos, coordenadora local da Defensoria P\u00fablica em Juiz de Fora; Marcus Vinicius David, reitor da Universidade Federal de Juiz de Fora, General Alcio Alves Almeida e Costa, comandante da 4\u00aa Brigada de Infantaria Leve (Montanha); Jorge Ramos, secret\u00e1rio-executivo do Conselho Municipal de Sa\u00fade; Dr. Gustavo Ad\u00e9lio Lara Ferreira, chefe do 4\u00b0 Departamento de Pol\u00edcia Civil; Marco Ant\u00f4nio Guimar\u00e3es de Almeida, diretor do Hospital e Maternidade Terezinha de Jesus, representando os hospitais; vereadora Ana das Gra\u00e7as Cortes Rossignoli, vice-presidente da C\u00e2mara Municipal de Juiz de Fora, representando o Poder Legislativo; Marcos Casarin, presidente da C\u00e2mara de Dirigentes Lojistas de Juiz de Fora, Dr. Rodrigo Barros, coordenador Regional das Promotorias de Justi\u00e7a de Defesa da Sa\u00fade da Macrorregi\u00e3o Sanit\u00e1ria Sudeste, representando o Minist\u00e9rio P\u00fablico, coronel Eduardo \u00c2ngelo Gomes da Silva, comandante do 3\u00ba Comando Operacional de Bombeiros Militar, al\u00e9m de Cec\u00edlia Kosmann, Fernando Colugnati e C\u00e9lio Chagas- Presidente da Ag\u00eancia de Desenvolvimento de Juiz de Fora e regi\u00e3o.<\/span><\/p>\n<p><strong>Fonte:<\/strong> Assessoria<\/p>\n","protected":false},"excerpt":{"rendered":"<p>A Prefeitura de Juiz de Fora (PJF) vai reeditar decreto que disp\u00f5e sobre as medidas preventivas de combate ao coronav\u00edrus, proibindo a abertura de bares na cidade. O novo documento vai ser publicado no Di\u00e1rio Oficial do Munic\u00edpio desta sexta-feira, 12, e passa a valer a partir do s\u00e1bado, 13. A proposta de fechamento dos [&hellip;]<\/p>\n","protected":false},"author":96,"featured_media":162121,"comment_status":"closed","ping_status":"closed","sticky":false,"template":"","format":"standard","meta":{"footnotes":""},"categories":[253,436,440,439],"tags":[],"class_list":["post-162120","post","type-post","status-publish","format-standard","has-post-thumbnail","hentry","category-cidade","category-destaque-da-semana","category-destaques-do-dia","category-ultima-hora"],"_links":{"self":[{"href":"https:\/\/diarioregionaldigital.com.br\/index.php?rest_route=\/wp\/v2\/posts\/162120","targetHints":{"allow":["GET"]}}],"collection":[{"href":"https:\/\/diarioregionaldigital.com.br\/index.php?rest_route=\/wp\/v2\/posts"}],"about":[{"href":"https:\/\/diarioregionaldigital.com.br\/index.php?rest_route=\/wp\/v2\/types\/post"}],"author":[{"embeddable":true,"href":"https:\/\/diarioregionaldigital.com.br\/index.php?rest_route=\/wp\/v2\/users\/96"}],"replies":[{"embeddable":true,"href":"https:\/\/diarioregionaldigital.com.br\/index.php?rest_route=%2Fwp%2Fv2%2Fcomments&post=162120"}],"version-history":[{"count":0,"href":"https:\/\/diarioregionaldigital.com.br\/index.php?rest_route=\/wp\/v2\/posts\/162120\/revisions"}],"wp:featuredmedia":[{"embeddable":true,"href":"https:\/\/diarioregionaldigital.com.br\/index.php?rest_route=\/wp\/v2\/media\/162121"}],"wp:attachment":[{"href":"https:\/\/diarioregionaldigital.com.br\/index.php?rest_route=%2Fwp%2Fv2%2Fmedia&parent=162120"}],"wp:term":[{"taxonomy":"category","embeddable":true,"href":"https:\/\/diarioregionaldigital.com.br\/index.php?rest_route=%2Fwp%2Fv2%2Fcategories&post=162120"},{"taxonomy":"post_tag","embeddable":true,"href":"https:\/\/diarioregionaldigital.com.br\/index.php?rest_route=%2Fwp%2Fv2%2Ftags&post=162120"}],"curies":[{"name":"wp","href":"https:\/\/api.w.org\/{rel}","templated":true}]}}