{"id":162117,"date":"2020-06-10T14:45:02","date_gmt":"2020-06-10T17:45:02","guid":{"rendered":"https:\/\/diarioregionaldigital.com.br\/?p=162117"},"modified":"2020-06-10T14:45:02","modified_gmt":"2020-06-10T17:45:02","slug":"dupla-construida-ha-dois-anos-gabi-nicolino-e-samuca-misturam-opostos-em-busca-de-bom-resultado-em-toquio","status":"publish","type":"post","link":"https:\/\/diarioregionaldigital.com.br\/?p=162117","title":{"rendered":"Dupla \u201cconstru\u00edda\u201d h\u00e1 dois anos, Gabi Nicolino e Samuca misturam opostos em busca de bom resultado em T\u00f3quio"},"content":{"rendered":"<p><span style=\"font-weight: 400;\">Gabriela Nicolino n\u00e3o tinha nenhum velejador na fam\u00edlia, enquanto Samuel Albrecht cresceu no mar com o pai. O primeiro barco dela chamava \u201cPapal\u00e9guas\u201d, enquanto o dele era o \u201c100 jeito\u201d. Gabi s\u00f3 teve a certeza de que queria ser atleta profissional ap\u00f3s 15 <\/span><span style=\"font-weight: 400;\">anos no esporte. Samuca, por sua vez, tinha convic\u00e7\u00e3o desde o primeiro campeonato. Um \u00e9 mais agitado e intenso, j\u00e1 a outra \u00e9 tranquila e equilibrada. Mas as diferen\u00e7as n\u00e3o param por a\u00ed.<\/span><\/p>\n<p><span style=\"font-weight: 400;\">\u201cSamuca puxa (o ritmo) para chegarmos nos nossos melhores momentos, e eu tento n\u00e3o nos desestabilizarmos para n\u00e3o termos os ruins\u201d, diz a carioca de 30 anos. \u201cPosso ajudar com a experi\u00eancia de quem j\u00e1 esteve nos Jogos, e ela vai me ajudar com o \u00e2nimo e motiva\u00e7\u00e3o de quem estar\u00e1 l\u00e1 pela primeira vez\u201d, complementa o ga\u00facho de S\u00e3o Leopoldo, 38 anos, que esteve no Rio 2016.<\/span><\/p>\n<p><span style=\"font-weight: 400;\">Apesar das caracter\u00edsticas opostas, a dupla tem mostrado bastante harmonia desde que se juntou, h\u00e1 dois anos, para buscar uma vaga em T\u00f3quio 2020 na classe Nacra 17. Ap\u00f3s viverem anos como rivais, a Confedera\u00e7\u00e3o Brasileira de Vela (CBVela) e o Comit\u00ea Ol\u00edmpico do Brasil (COB) incentivaram os dois a unirem for\u00e7as. Eles aceitaram e, com apenas 20 dias treinando juntos, conseguiram a vaga ol\u00edmpica para o Brasil com o 5\u00ba lugar no Mundial da Dinamarca, em 2018.\u00a0\u00a0<\/span><\/p>\n<p><span style=\"font-weight: 400;\">\u201cSem a Gabriela, n\u00e3o consigo nem velejar o barco. Ela tem diversas qualidades: \u00e9 atenta aos trabalhos da equipe, disciplinada e cuida da prepara\u00e7\u00e3o f\u00edsica. \u00c9 uma excelente profissional-atleta. Al\u00e9m de tudo, \u00e9 bem compreensiva e ajuda muito com meus outros projetos\u201d, conta Samuca, que tamb\u00e9m comanda a Crioula Sailing Team em regatas oce\u00e2nicas. \u201c\u00c9 muito saud\u00e1vel trabalhar com contrapontos para achar o equil\u00edbrio, fundamental para o sucesso\u201d.<\/span><\/p>\n<p><span style=\"font-weight: 400;\">\u201cO admiro muito como atleta e velejador, acho que nos complementamos bastante. Esse \u00e9 um ponto importante no nosso desempenho. Ficamos felizes pela decis\u00e3o acertada de formar a nova dupla, somado a um al\u00edvio, misturado com euforia, de j\u00e1 termos classificado o pa\u00eds na primeira seletiva ol\u00edmpica\u201d, explica Gabi, que, em meio aos treinos e competi\u00e7\u00f5es, arrumou tempo para se formar em Publicidade e Propaganda na Escola Superior de Propaganda e Marketing (ESPM) e concluir um mestrado em Sistemas de Gest\u00e3o e Sustentabilidade pela Universidade Federal Fluminense (UFF).<\/span><\/p>\n<p><span style=\"font-weight: 400;\">Mas essa foi s\u00f3 a primeira parte da saga da classifica\u00e7\u00e3o ol\u00edmpica. \u201cForam duas etapas: primeiro tivemos que conquistar a vaga para o pa\u00eds. Foi incr\u00edvel, o melhor resultado internacional do Brasil na classe Nacra 17 at\u00e9 ent\u00e3o. Fora que, finalmente, eu estava um passo mais perto de ir para os meus primeiros Jogos Ol\u00edmpicos\u201d.<\/span><\/p>\n<p><span style=\"font-weight: 400;\">\u201cJ\u00e1 a seletiva nacional (que definiria a dupla classificada) foi no Mundial de 2019. Foi um ano duro, de log\u00edstica intensa, com muitas viagens por conta dos Jogos Pan-americanos e do evento-teste no Jap\u00e3o. Todo deslocamento de material em cont\u00eaineres e uma les\u00e3o do Samuca no in\u00edcio do ano nos fez perder quase dois meses de treinamento. Chegamos tensos para a seletiva. Mas est\u00e1vamos com a cabe\u00e7a preparada, velejamos muito bem em condi\u00e7\u00f5es bastante dif\u00edceis e, no pen\u00faltimo dia, em 6\u00ba no geral, garantimos a vaga. Ainda tivemos uma quebra de material no \u00faltimo dia que nos custou caro, caindo para a 11\u00aa coloca\u00e7\u00e3o, mas a miss\u00e3o estava cumprida\u201d, conta Gabriela.<\/span><\/p>\n<p><b>Parceria<\/b><\/p>\n<p><span style=\"font-weight: 400;\">A les\u00e3o, inclusive, quase fez a dupla acabar. Samuca define o momento como o mais dif\u00edcil da carreira at\u00e9 agora. \u201cA medalha de prata na etapa de Miami da Copa do Mundo (2019) foi um momento muito especial, que coroou uma s\u00e9rie de decis\u00f5es tomadas em 2018 e mostrou que estamos no caminho certo para T\u00f3quio\u201d.<\/span><\/p>\n<p><span style=\"font-weight: 400;\">\u201cS\u00f3 que logo depois sofri uma les\u00e3o de fratura exposta no dedo, enquanto corr\u00edamos uma regata no Trof\u00e9u Princesa Sofia. Isso veio como um balde de \u00e1gua fria. Foi um longo recome\u00e7o, com metas a curto prazo, como os Jogos Pan-americanos e a eliminat\u00f3ria brasileira da Nacra 17 no Mundial de 2019, na Nova Zel\u00e2ndia\u201d.<\/span><\/p>\n<p><span style=\"font-weight: 400;\">Mas esse n\u00e3o foi o \u00fanico perrengue que a dupla passou desde que come\u00e7ou a treinar junta. \u201cAtualmente, a Nacra 17 chega a ser meio perigosa por causa da velocidade. J\u00e1 perdi as contas de quantas vezes sa\u00ed voando do barco, acabei de cabe\u00e7a para baixo ou viramos sem nenhum controle do que estava acontecendo. Damos muita risada\u201d, diz Gabi.<\/span><\/p>\n<p><span style=\"font-weight: 400;\">&#8220;Ainda fiquei sabendo da segunda gravidez da minha esposa e que minha filha nasceria bem perto da Seletiva Ol\u00edmpica na Nova Zel\u00e2ndia. Felizmente, conseguimos fazer um treino pr\u00e9-nascimento e voltar para casa. A Vit\u00f3ria nasceu de parto natural bem na janela que a gente estaria no Brasil. Por isso, esse \u00e9 o nome dela, por estar ligada a essas conquistas, e \u00e9 tamb\u00e9m o nome do barco que vamos levar pro Jap\u00e3o&#8221;, revela Samuca.<\/span><\/p>\n<p><span style=\"font-weight: 400;\">Dando a volta no tempo ruim, a medalha de bronze nos Jogos Pan-americanos Lima 2019 deu novo g\u00e1s \u00e0 dupla. Um p\u00f3dio inesquec\u00edvel para a velejadora: &#8220;foi o momento mais marcante da minha carreira at\u00e9 agora, apesar do gosto amargo de um bronze que poderia ser ouro. N\u00e3o tem como comparar a sensa\u00e7\u00e3o de conquistar uma medalha nos Jogos para o Brasil\u201d.<\/span><\/p>\n<p><span style=\"font-weight: 400;\">Depois de passarem por essa turbilh\u00e3o de emo\u00e7\u00f5es, \u00e9 hora de focar na prepara\u00e7\u00e3o para as temidas condi\u00e7\u00f5es de navega\u00e7\u00e3o em Enoshima durante os Jogos. \u201cPara a vela, os Jogos de T\u00f3quio trazem uma condi\u00e7\u00e3o t\u00e9cnica muito espec\u00edfica: por ser \u00e9poca de tuf\u00f5es no Jap\u00e3o, enfrentamos condi\u00e7\u00f5es de ondas e ventos extremas. Ent\u00e3o, nosso foco \u00e9 investir no treinamento t\u00e9cnico nestas condi\u00e7\u00f5es para levarmos uma vantagem frente aos outros times\u201d, explica Gabi.<\/span><\/p>\n<p><span style=\"font-weight: 400;\">\u201cPrecisamos de treinamentos em locais espec\u00edficos para encontrar essas condi\u00e7\u00f5es. Isso significa levar toda a nossa estrutura de treinos constantemente para Florian\u00f3polis ou Punta del Este (Uruguai), por exemplo. \u00c9 custoso e trabalhoso, o que n\u00e3o seria poss\u00edvel sem o apoio e a estrutura do COB e da CBVela\u201d, completa.<\/span><\/p>\n<p><span style=\"font-weight: 400;\">O adiamento dos Jogos Ol\u00edmpicos de T\u00f3quio para 2021 n\u00e3o muda o astral da dupla, que segue animada e com expectativas altas para o evento.<\/span><\/p>\n<p><span style=\"font-weight: 400;\">\u201cQuando penso em T\u00f3quio, vem uma excita\u00e7\u00e3o. Ainda mais em tempos de quarentena, que n\u00e3o vejo a hora de voltar para a \u00e1gua. \u00c9 algo bem positivo, um sentimento de realiza\u00e7\u00e3o, acompanhado de determina\u00e7\u00e3o. Estamos muito focados como equipe e queremos performar no m\u00e1ximo de nosso potencial. Temos uma din\u00e2mica boa e consistente. Vai ser interessante estar em a\u00e7\u00e3o nos Jogos, quando a experi\u00eancia do Samuca vai somar ainda mais\u201d, elogia Gabriela.<\/span><\/p>\n<p><span style=\"font-weight: 400;\">\u201cUltimamente, a minha fam\u00edlia est\u00e1 muito na minha cabe\u00e7a. Penso que, daqui a uns anos, minhas filhas poder\u00e3o perceber o tamanho disso, de ver o pai delas competindo, representando o Brasil em uma edi\u00e7\u00e3o de Jogos Ol\u00edmpicos. Isso me emociona e me deixa muito feliz\u201d, finaliza Samuca.<\/span><\/p>\n<p><strong>Fonte:\u00a0<\/strong>COB<\/p>\n<p>&nbsp;<\/p>\n<p>&nbsp;<\/p>\n","protected":false},"excerpt":{"rendered":"<p>Gabriela Nicolino n\u00e3o tinha nenhum velejador na fam\u00edlia, enquanto Samuel Albrecht cresceu no mar com o pai. O primeiro barco dela chamava \u201cPapal\u00e9guas\u201d, enquanto o dele era o \u201c100 jeito\u201d. Gabi s\u00f3 teve a certeza de que queria ser atleta profissional ap\u00f3s 15 anos no esporte. Samuca, por sua vez, tinha convic\u00e7\u00e3o desde o primeiro [&hellip;]<\/p>\n","protected":false},"author":96,"featured_media":162118,"comment_status":"closed","ping_status":"closed","sticky":false,"template":"","format":"standard","meta":{"footnotes":""},"categories":[436,257,439],"tags":[],"class_list":["post-162117","post","type-post","status-publish","format-standard","has-post-thumbnail","hentry","category-destaque-da-semana","category-esporte","category-ultima-hora"],"_links":{"self":[{"href":"https:\/\/diarioregionaldigital.com.br\/index.php?rest_route=\/wp\/v2\/posts\/162117","targetHints":{"allow":["GET"]}}],"collection":[{"href":"https:\/\/diarioregionaldigital.com.br\/index.php?rest_route=\/wp\/v2\/posts"}],"about":[{"href":"https:\/\/diarioregionaldigital.com.br\/index.php?rest_route=\/wp\/v2\/types\/post"}],"author":[{"embeddable":true,"href":"https:\/\/diarioregionaldigital.com.br\/index.php?rest_route=\/wp\/v2\/users\/96"}],"replies":[{"embeddable":true,"href":"https:\/\/diarioregionaldigital.com.br\/index.php?rest_route=%2Fwp%2Fv2%2Fcomments&post=162117"}],"version-history":[{"count":0,"href":"https:\/\/diarioregionaldigital.com.br\/index.php?rest_route=\/wp\/v2\/posts\/162117\/revisions"}],"wp:featuredmedia":[{"embeddable":true,"href":"https:\/\/diarioregionaldigital.com.br\/index.php?rest_route=\/wp\/v2\/media\/162118"}],"wp:attachment":[{"href":"https:\/\/diarioregionaldigital.com.br\/index.php?rest_route=%2Fwp%2Fv2%2Fmedia&parent=162117"}],"wp:term":[{"taxonomy":"category","embeddable":true,"href":"https:\/\/diarioregionaldigital.com.br\/index.php?rest_route=%2Fwp%2Fv2%2Fcategories&post=162117"},{"taxonomy":"post_tag","embeddable":true,"href":"https:\/\/diarioregionaldigital.com.br\/index.php?rest_route=%2Fwp%2Fv2%2Ftags&post=162117"}],"curies":[{"name":"wp","href":"https:\/\/api.w.org\/{rel}","templated":true}]}}