{"id":162114,"date":"2020-06-10T14:36:45","date_gmt":"2020-06-10T17:36:45","guid":{"rendered":"https:\/\/diarioregionaldigital.com.br\/?p=162114"},"modified":"2020-06-10T14:36:45","modified_gmt":"2020-06-10T17:36:45","slug":"candidatura-conjunta-entre-australia-e-nova-zelandia-e-a-favorita-para-sediar-copa-do-mundo-feminina-2023","status":"publish","type":"post","link":"https:\/\/diarioregionaldigital.com.br\/?p=162114","title":{"rendered":"Candidatura conjunta entre Austr\u00e1lia e Nova Zel\u00e2ndia \u00e9 a favorita para sediar Copa do Mundo Feminina 2023"},"content":{"rendered":"<p><span style=\"font-weight: 400;\">A FIFA divulgou nessa quarta-feira (10), um novo relat\u00f3rio de avalia\u00e7\u00e3o dos pa\u00edses candidatos a sediarem a Copa do Mundo Feminina de 2023. Nessa semana, o Brasil anunciou a retirada de sua candidatura, devido \u00e0 falta de garantia do Governo Federal.<\/span><\/p>\n<p><span style=\"font-weight: 400;\">At\u00e9 o momento, a candidatura conjunta Austr\u00e1lia\/Nova Zel\u00e2ndia \u00e9 a mais bem avaliada pelo comit\u00ea executivo da FIFA, recebendo nota de 4.1 do total de 5. <\/span><span style=\"font-weight: 400;\">O Jap\u00e3o ficou um pouco atr\u00e1s, com 3.9 e Col\u00f4mbia chegou a 2.8.\u00a0<\/span><\/p>\n<p><span style=\"font-weight: 400;\">Segundo o relat\u00f3rio, Austr\u00e1lia e Nova Zel\u00e2ndia juntas, oferecem 13 est\u00e1dios para receber os jogos da competi\u00e7\u00e3o. As cidades que s\u00e3o candidatas para serem as sedes s\u00e3o: Adelaide, Brisbane, Launceston, Melbourne, Newcastle,\u00a0 Perth e Sydney, essas na Austr\u00e1lia; Auclkand, Christchurch, Dunedin, Hamilton e Wellington, essas na Nova Zel\u00e2ndia.<\/span><\/p>\n<p><span style=\"font-weight: 400;\">A Col\u00f4mbia prop\u00f5e 10 est\u00e1dios, em Armenia, Barranquilla, Bogot\u00e1, Bucaramanga,\u00a0 Cali, Cartagena, C\u00facuta, Manizales, Medell\u00edn e Pereira. J\u00e1 o Jap\u00e3o oferece 8 est\u00e1dios em Kobe, Kyoto, Saitama, Sapporo, Sendai, Suita, T\u00f3quio e Toyota.<\/span><\/p>\n<p><span style=\"font-weight: 400;\">O gasto previsto por Austr\u00e1lia e Nova Zel\u00e2ndia chega a US$ 107,7 milh\u00f5es (cerca de R$ 523 milh\u00f5es), com as contribui\u00e7\u00f5es do governo confirmadas em at\u00e9 US$ 75 milh\u00f5es. As outras duas candidaturas or\u00e7aram menos da metade disso, sem quantidade de verba do poder p\u00fablico especificada: o Jap\u00e3o US$ 50,2 milh\u00f5es, e a Col\u00f4mbia US$ 45,1 milh\u00f5es.<\/span><\/p>\n<p><span style=\"font-weight: 400;\">A vota\u00e7\u00e3o para decidir a sede da Copa do Mundo ser\u00e1 definida no dia 25 deste m\u00eas.<\/span><\/p>\n","protected":false},"excerpt":{"rendered":"<p>A FIFA divulgou nessa quarta-feira (10), um novo relat\u00f3rio de avalia\u00e7\u00e3o dos pa\u00edses candidatos a sediarem a Copa do Mundo Feminina de 2023. Nessa semana, o Brasil anunciou a retirada de sua candidatura, devido \u00e0 falta de garantia do Governo Federal. At\u00e9 o momento, a candidatura conjunta Austr\u00e1lia\/Nova Zel\u00e2ndia \u00e9 a mais bem avaliada pelo [&hellip;]<\/p>\n","protected":false},"author":96,"featured_media":162115,"comment_status":"closed","ping_status":"closed","sticky":false,"template":"","format":"standard","meta":{"footnotes":""},"categories":[436,257,439],"tags":[],"class_list":["post-162114","post","type-post","status-publish","format-standard","has-post-thumbnail","hentry","category-destaque-da-semana","category-esporte","category-ultima-hora"],"_links":{"self":[{"href":"https:\/\/diarioregionaldigital.com.br\/index.php?rest_route=\/wp\/v2\/posts\/162114","targetHints":{"allow":["GET"]}}],"collection":[{"href":"https:\/\/diarioregionaldigital.com.br\/index.php?rest_route=\/wp\/v2\/posts"}],"about":[{"href":"https:\/\/diarioregionaldigital.com.br\/index.php?rest_route=\/wp\/v2\/types\/post"}],"author":[{"embeddable":true,"href":"https:\/\/diarioregionaldigital.com.br\/index.php?rest_route=\/wp\/v2\/users\/96"}],"replies":[{"embeddable":true,"href":"https:\/\/diarioregionaldigital.com.br\/index.php?rest_route=%2Fwp%2Fv2%2Fcomments&post=162114"}],"version-history":[{"count":0,"href":"https:\/\/diarioregionaldigital.com.br\/index.php?rest_route=\/wp\/v2\/posts\/162114\/revisions"}],"wp:featuredmedia":[{"embeddable":true,"href":"https:\/\/diarioregionaldigital.com.br\/index.php?rest_route=\/wp\/v2\/media\/162115"}],"wp:attachment":[{"href":"https:\/\/diarioregionaldigital.com.br\/index.php?rest_route=%2Fwp%2Fv2%2Fmedia&parent=162114"}],"wp:term":[{"taxonomy":"category","embeddable":true,"href":"https:\/\/diarioregionaldigital.com.br\/index.php?rest_route=%2Fwp%2Fv2%2Fcategories&post=162114"},{"taxonomy":"post_tag","embeddable":true,"href":"https:\/\/diarioregionaldigital.com.br\/index.php?rest_route=%2Fwp%2Fv2%2Ftags&post=162114"}],"curies":[{"name":"wp","href":"https:\/\/api.w.org\/{rel}","templated":true}]}}