{"id":162111,"date":"2020-06-10T14:11:32","date_gmt":"2020-06-10T17:11:32","guid":{"rendered":"https:\/\/diarioregionaldigital.com.br\/?p=162111"},"modified":"2020-06-10T14:11:32","modified_gmt":"2020-06-10T17:11:32","slug":"ex-heptacampeao-michael-schumacher-passara-por-cirurgia-diz-portal-italiano","status":"publish","type":"post","link":"https:\/\/diarioregionaldigital.com.br\/?p=162111","title":{"rendered":"Ex-heptacampe\u00e3o Michael Schumacher passar\u00e1 por cirurgia, diz portal italiano"},"content":{"rendered":"<p><span style=\"font-weight: 400;\">O ex-heptacampe\u00e3o mundial de F1, Michael Schumacher, passar\u00e1 por uma cirurgia de transfus\u00e3o de c\u00e9lulas-tronco, segundo informa\u00e7\u00f5es do portal italiano <\/span><i><span style=\"font-weight: 400;\">Contro Copertina<\/span><\/i><span style=\"font-weight: 400;\">. <\/span><span style=\"font-weight: 400;\">Schumacher sofreu um grave acidente de esqui nos Alpes franceses em dezembro de 2013 e pouco se sabe desde ent\u00e3o, exceto que sofreu graves les\u00f5es cerebrais na queda.<\/span><\/p>\n<p><span style=\"font-weight: 400;\">A<\/span><span style=\"font-weight: 400;\"> fam\u00edlia do alem\u00e3o carrega as informa\u00e7\u00f5es sobre seu estado de sa\u00fade com muito sigilo, mas a m\u00eddia italiana teve acesso a informa\u00e7\u00f5es que geram nova preocupa\u00e7\u00e3o no mundo dos esportes.\u00a0<\/span><\/p>\n<p><span style=\"font-weight: 400;\">A cirurgia ser\u00e1 feita pelo Doutor Philippe Menasch\u00e9, g\u00eanio da cardiologia, que havia injetado c\u00e9lulas-tronco no cora\u00e7\u00e3o de Schumacher, dessa vez focar\u00e1 na regenera\u00e7\u00e3o do sistema nervoso central.\u00a0<\/span><\/p>\n<p><span style=\"font-weight: 400;\">Quanto ao estado do ex-piloto, o m\u00e9dico italiano Dr. Nicola Acciari, emitiu um alerta no qual Schumacher sobre sofre de atrofia muscular e osteoporose:<\/span><\/p>\n<p><span style=\"font-weight: 400;\">&#8220;Nos \u00faltimos 20 anos, a ci\u00eancia progrediu enormemente no campo do tratamento com c\u00e9lulas-tronco. Mas isso n\u00e3o muda o fato de que ainda sabemos pouco sobre o c\u00e9rebro humano. N\u00e3o podemos prever quais resultados o tratamento trar\u00e1.&#8221;<\/span><\/p>\n<p><span style=\"font-weight: 400;\">Recentemente, o brasileiro Felipe Massa, que fez dupla com Schumacher em 2006 na Ferrari, visitou seu ex-companheiro na Su\u00ed\u00e7a e diz que a situa\u00e7\u00e3o atual \u00e9 complicada e comenta sobre o sigilo da fam\u00edlia:<\/span><\/p>\n<p><span style=\"font-weight: 400;\">\u201cEu sei como ele \u00e9, tenho informa\u00e7\u00f5es. Meu relacionamento com ele sempre foi muito pr\u00f3ximo. Com sua esposa Corinna menos, porque ela n\u00e3o foi muito \u00e0s corridas. Acho que o principal disso tudo \u00e9 que sabemos que a situa\u00e7\u00e3o dela n\u00e3o \u00e9 f\u00e1cil, que ela est\u00e1 em uma fase dif\u00edcil, mas devemos respeit\u00e1-la, como fiz com a fam\u00edlia. Eles n\u00e3o gostam de divulgar informa\u00e7\u00f5es. E quem sou eu para fazer isso?\u201d &#8211; concluiu.<\/span><\/p>\n<p><b>Relembre o acidente<\/b><\/p>\n<p><span style=\"font-weight: 400;\">Em dezembro de 2013, Michael Schumacher estava esquiando com a fam\u00edlia nos Alpes Franceses, quando em um determinado momento o ex-piloto entrou em um local proibido e instantes depois, perdeu equil\u00edbrio e bateu com a cabe\u00e7a em uma pedra. Segundo um instrutor, a pista na qual Schumacher descia era de pouca dificuldade, embora apresentasse algumas pedras no percurso. N\u00e3o se sabia, na \u00e9poca, o que poderia ter feito o alem\u00e3o perder o equil\u00edbrio.\u00a0<\/span><\/p>\n<p><span style=\"font-weight: 400;\">Ap\u00f3s o acidente, Schumacher foi internado em um hospital na cidade de Grenoble na Fran\u00e7a e, depois de sair do estado de coma, passou tr\u00eas meses na cidade su\u00ed\u00e7a de Lausanne, at\u00e9 ir para sua casa, em Gland, na Su\u00ed\u00e7a, 2014. Na \u00e9poca, o boletim m\u00e9dico mencionava um traumatismo craniano e informava que o ex-piloto estava em coma. Desde ent\u00e3o, pouco se sabe sobre o estado de sa\u00fade do alem\u00e3o.<\/span><\/p>\n<p>&nbsp;<\/p>\n","protected":false},"excerpt":{"rendered":"<p>O ex-heptacampe\u00e3o mundial de F1, Michael Schumacher, passar\u00e1 por uma cirurgia de transfus\u00e3o de c\u00e9lulas-tronco, segundo informa\u00e7\u00f5es do portal italiano Contro Copertina. Schumacher sofreu um grave acidente de esqui nos Alpes franceses em dezembro de 2013 e pouco se sabe desde ent\u00e3o, exceto que sofreu graves les\u00f5es cerebrais na queda. A fam\u00edlia do alem\u00e3o carrega [&hellip;]<\/p>\n","protected":false},"author":96,"featured_media":162112,"comment_status":"closed","ping_status":"closed","sticky":false,"template":"","format":"standard","meta":{"footnotes":""},"categories":[436,257,439],"tags":[],"class_list":["post-162111","post","type-post","status-publish","format-standard","has-post-thumbnail","hentry","category-destaque-da-semana","category-esporte","category-ultima-hora"],"_links":{"self":[{"href":"https:\/\/diarioregionaldigital.com.br\/index.php?rest_route=\/wp\/v2\/posts\/162111","targetHints":{"allow":["GET"]}}],"collection":[{"href":"https:\/\/diarioregionaldigital.com.br\/index.php?rest_route=\/wp\/v2\/posts"}],"about":[{"href":"https:\/\/diarioregionaldigital.com.br\/index.php?rest_route=\/wp\/v2\/types\/post"}],"author":[{"embeddable":true,"href":"https:\/\/diarioregionaldigital.com.br\/index.php?rest_route=\/wp\/v2\/users\/96"}],"replies":[{"embeddable":true,"href":"https:\/\/diarioregionaldigital.com.br\/index.php?rest_route=%2Fwp%2Fv2%2Fcomments&post=162111"}],"version-history":[{"count":0,"href":"https:\/\/diarioregionaldigital.com.br\/index.php?rest_route=\/wp\/v2\/posts\/162111\/revisions"}],"wp:featuredmedia":[{"embeddable":true,"href":"https:\/\/diarioregionaldigital.com.br\/index.php?rest_route=\/wp\/v2\/media\/162112"}],"wp:attachment":[{"href":"https:\/\/diarioregionaldigital.com.br\/index.php?rest_route=%2Fwp%2Fv2%2Fmedia&parent=162111"}],"wp:term":[{"taxonomy":"category","embeddable":true,"href":"https:\/\/diarioregionaldigital.com.br\/index.php?rest_route=%2Fwp%2Fv2%2Fcategories&post=162111"},{"taxonomy":"post_tag","embeddable":true,"href":"https:\/\/diarioregionaldigital.com.br\/index.php?rest_route=%2Fwp%2Fv2%2Ftags&post=162111"}],"curies":[{"name":"wp","href":"https:\/\/api.w.org\/{rel}","templated":true}]}}