{"id":162109,"date":"2020-06-10T13:42:54","date_gmt":"2020-06-10T16:42:54","guid":{"rendered":"https:\/\/diarioregionaldigital.com.br\/?p=162109"},"modified":"2020-06-10T13:42:54","modified_gmt":"2020-06-10T16:42:54","slug":"vitima-e-encontrada-morta-com-tiro-na-cabeca-no-progresso","status":"publish","type":"post","link":"https:\/\/diarioregionaldigital.com.br\/?p=162109","title":{"rendered":"V\u00edtima \u00e9 encontrada morta com tiro na cabe\u00e7a no Progresso"},"content":{"rendered":"<p>A Pol\u00edcia Militar (PM), recebeu den\u00fancia de populares sobre um jovem de 22 anos que tinha sido morto com tiros na cabe\u00e7a na manh\u00e3 de ter\u00e7a-feira (9), no Bairro Progresso (Regi\u00e3o Leste) em Juiz de Fora. Os policiais foram at\u00e9 o local e se deparam com a v\u00edtima ca\u00edda ao solo, apresentando ferimentos provenientes de arma de fogo. O SAMU foi acionado e confirmou o \u00f3bito. A per\u00edcia constatou v\u00e1rias perfura\u00e7\u00f5es na v\u00edtima, por\u00e9m n\u00e3o definiu o n\u00famero preciso de disparos. O corpo da v\u00edtima foi encaminhado para o Instituto M\u00e9dico Legal (IML).<\/p>\n<p>Segundo populares, a v\u00edtima vinha recebendo amea\u00e7as de morte pelos suspeitos e que no dia do crime, haveria dois indiv\u00edduos transitando em uma moto de cor vermelha. Ao avistarem a v\u00edtima, os autores desembarcaram do ve\u00edculo e caminharam em dire\u00e7\u00e3o \u00e0 v\u00edtima, sacando uma arma de fogo e efetuaram v\u00e1rios disparos. Logo ap\u00f3s o fato, os autores fugiram do local.<\/p>\n","protected":false},"excerpt":{"rendered":"<p>A Pol\u00edcia Militar (PM), recebeu den\u00fancia de populares sobre um jovem de 22 anos que tinha sido morto com tiros na cabe\u00e7a na manh\u00e3 de ter\u00e7a-feira (9), no Bairro Progresso (Regi\u00e3o Leste) em Juiz de Fora. Os policiais foram at\u00e9 o local e se deparam com a v\u00edtima ca\u00edda ao solo, apresentando ferimentos provenientes de [&hellip;]<\/p>\n","protected":false},"author":96,"featured_media":161269,"comment_status":"closed","ping_status":"closed","sticky":false,"template":"","format":"standard","meta":{"footnotes":""},"categories":[301,436,439],"tags":[],"class_list":["post-162109","post","type-post","status-publish","format-standard","has-post-thumbnail","hentry","category-artigos-policiais","category-destaque-da-semana","category-ultima-hora"],"_links":{"self":[{"href":"https:\/\/diarioregionaldigital.com.br\/index.php?rest_route=\/wp\/v2\/posts\/162109","targetHints":{"allow":["GET"]}}],"collection":[{"href":"https:\/\/diarioregionaldigital.com.br\/index.php?rest_route=\/wp\/v2\/posts"}],"about":[{"href":"https:\/\/diarioregionaldigital.com.br\/index.php?rest_route=\/wp\/v2\/types\/post"}],"author":[{"embeddable":true,"href":"https:\/\/diarioregionaldigital.com.br\/index.php?rest_route=\/wp\/v2\/users\/96"}],"replies":[{"embeddable":true,"href":"https:\/\/diarioregionaldigital.com.br\/index.php?rest_route=%2Fwp%2Fv2%2Fcomments&post=162109"}],"version-history":[{"count":0,"href":"https:\/\/diarioregionaldigital.com.br\/index.php?rest_route=\/wp\/v2\/posts\/162109\/revisions"}],"wp:featuredmedia":[{"embeddable":true,"href":"https:\/\/diarioregionaldigital.com.br\/index.php?rest_route=\/wp\/v2\/media\/161269"}],"wp:attachment":[{"href":"https:\/\/diarioregionaldigital.com.br\/index.php?rest_route=%2Fwp%2Fv2%2Fmedia&parent=162109"}],"wp:term":[{"taxonomy":"category","embeddable":true,"href":"https:\/\/diarioregionaldigital.com.br\/index.php?rest_route=%2Fwp%2Fv2%2Fcategories&post=162109"},{"taxonomy":"post_tag","embeddable":true,"href":"https:\/\/diarioregionaldigital.com.br\/index.php?rest_route=%2Fwp%2Fv2%2Ftags&post=162109"}],"curies":[{"name":"wp","href":"https:\/\/api.w.org\/{rel}","templated":true}]}}