{"id":162106,"date":"2020-06-10T11:53:02","date_gmt":"2020-06-10T14:53:02","guid":{"rendered":"https:\/\/diarioregionaldigital.com.br\/?p=162106"},"modified":"2020-06-10T17:46:14","modified_gmt":"2020-06-10T20:46:14","slug":"policia-militar-realiza-mega-operacao-alferes-em-prol-do-combate-do-trafico-de-drogas","status":"publish","type":"post","link":"https:\/\/diarioregionaldigital.com.br\/?p=162106","title":{"rendered":"Pol\u00edcia Militar realiza Mega Opera\u00e7\u00e3o Alferes, em prol do combate do Tr\u00e1fico de Drogas"},"content":{"rendered":"<p><span style=\"font-weight: 400;\">A Pol\u00edcia Militar (PM), realizou a Mega Opera\u00e7\u00e3o Alferes, na ter\u00e7a-feira (9), que resultou na pris\u00e3o de 13 infratores e tamb\u00e9m em grande apreens\u00e3o de drogas, nos Bairros Terras Altas e Costa Carvalho em Juiz de Fora. A a\u00e7\u00e3o comemora os 245 anos de exist\u00eancia da corpora\u00e7\u00e3o e ao todo 61 viaturas atuaram nas dilig\u00eancias. No in\u00edcio da opera\u00e7\u00e3o, os militares cumpriram dois mandados de pris\u00e3o para o mesmo autor, conhecido no tr\u00e1fico de drogas.\u00a0<\/span><\/p>\n<p><span style=\"font-weight: 400;\">Em ambos os locais, os policiais encontraram dois simulacros de arma de fogo, duas muni\u00e7\u00f5es, oito ve\u00edculos, R$19.080,20 em dinheiro, 44 buchas de maconha, 6 Kg de maconha em barras, 26 tabletes de maconha, 15 papelotes de coca\u00edna, 65 pinos de coca\u00edna, 3 pedras brutas de coca\u00edna, 84 pedras de crack, tr\u00eas balan\u00e7as de precis\u00e3o, quatro televis\u00f5es e quatro celulares.<\/span><\/p>\n<p><span style=\"font-weight: 400;\">Dando prosseguimento \u00e0s dilig\u00eancias, os policiais atuaram no centro da cidade, em busca de um adolescente de 17 anos, envolvido no crime. Em uma das blitz feitas pela PM no Viaduto Augusto Franco, o menor infrator foi identificado como passageiro em um ve\u00edculo de Uber e ao notar a presen\u00e7a policial, o adolescente tentou fugir da abordagem mas os policiais obtiveram \u00eaxito em interceptar o autor.<\/span><\/p>\n<p><span style=\"font-weight: 400;\">Autores presos e encaminhados para a Delegacia, junto com os materiais apreendidos, para devidas provid\u00eancias.<\/span><\/p>\n","protected":false},"excerpt":{"rendered":"<p>A Pol\u00edcia Militar (PM), realizou a Mega Opera\u00e7\u00e3o Alferes, na ter\u00e7a-feira (9), que resultou na pris\u00e3o de 13 infratores e tamb\u00e9m em grande apreens\u00e3o de drogas, nos Bairros Terras Altas e Costa Carvalho em Juiz de Fora. A a\u00e7\u00e3o comemora os 245 anos de exist\u00eancia da corpora\u00e7\u00e3o e ao todo 61 viaturas atuaram nas dilig\u00eancias. [&hellip;]<\/p>\n","protected":false},"author":96,"featured_media":162107,"comment_status":"closed","ping_status":"closed","sticky":false,"template":"","format":"standard","meta":{"footnotes":""},"categories":[301,436,440,439],"tags":[],"class_list":["post-162106","post","type-post","status-publish","format-standard","has-post-thumbnail","hentry","category-artigos-policiais","category-destaque-da-semana","category-destaques-do-dia","category-ultima-hora"],"_links":{"self":[{"href":"https:\/\/diarioregionaldigital.com.br\/index.php?rest_route=\/wp\/v2\/posts\/162106","targetHints":{"allow":["GET"]}}],"collection":[{"href":"https:\/\/diarioregionaldigital.com.br\/index.php?rest_route=\/wp\/v2\/posts"}],"about":[{"href":"https:\/\/diarioregionaldigital.com.br\/index.php?rest_route=\/wp\/v2\/types\/post"}],"author":[{"embeddable":true,"href":"https:\/\/diarioregionaldigital.com.br\/index.php?rest_route=\/wp\/v2\/users\/96"}],"replies":[{"embeddable":true,"href":"https:\/\/diarioregionaldigital.com.br\/index.php?rest_route=%2Fwp%2Fv2%2Fcomments&post=162106"}],"version-history":[{"count":0,"href":"https:\/\/diarioregionaldigital.com.br\/index.php?rest_route=\/wp\/v2\/posts\/162106\/revisions"}],"wp:featuredmedia":[{"embeddable":true,"href":"https:\/\/diarioregionaldigital.com.br\/index.php?rest_route=\/wp\/v2\/media\/162107"}],"wp:attachment":[{"href":"https:\/\/diarioregionaldigital.com.br\/index.php?rest_route=%2Fwp%2Fv2%2Fmedia&parent=162106"}],"wp:term":[{"taxonomy":"category","embeddable":true,"href":"https:\/\/diarioregionaldigital.com.br\/index.php?rest_route=%2Fwp%2Fv2%2Fcategories&post=162106"},{"taxonomy":"post_tag","embeddable":true,"href":"https:\/\/diarioregionaldigital.com.br\/index.php?rest_route=%2Fwp%2Fv2%2Ftags&post=162106"}],"curies":[{"name":"wp","href":"https:\/\/api.w.org\/{rel}","templated":true}]}}