{"id":162103,"date":"2020-06-10T11:32:35","date_gmt":"2020-06-10T14:32:35","guid":{"rendered":"https:\/\/diarioregionaldigital.com.br\/?p=162103"},"modified":"2020-06-10T11:32:35","modified_gmt":"2020-06-10T14:32:35","slug":"servidores-receberao-a-segunda-parte-do-salario-nesta-sexta-feira","status":"publish","type":"post","link":"https:\/\/diarioregionaldigital.com.br\/?p=162103","title":{"rendered":"Servidores receber\u00e3o a segunda parte do sal\u00e1rio nesta sexta-feira"},"content":{"rendered":"<p><span style=\"font-weight: 400;\">A Prefeitura de Juiz de Fora (PJF) efetuar\u00e1 nesta sexta-feira (12), o pagamento dos servidores que tiveram o sal\u00e1rio referente ao m\u00eas de maio escalonado. A medida ser\u00e1 possibilitada gra\u00e7as ao recebimento do recurso emergencial que o governo federal enviou para o munic\u00edpio na ter\u00e7a-feira (9). A PJF recebeu R$ 15,6 milh\u00f5es referentes a primeira das quatro parcelas do recurso. Esse montante vai pagar os 40% restantes dos sal\u00e1rios dos servidores ativos e aposentados e pensionistas que receberam 60% do sal\u00e1rio na sexta-feira, 5.<\/span><\/p>\n<p><span style=\"font-weight: 400;\">A pandemia provocada pela covid-19, doen\u00e7a causada pelo novo coronav\u00edrus, desencadeou diversos impactos, inclusive na \u00e1rea financeira. O problema \u00e9 reflexo da paralisa\u00e7\u00e3o das atividades econ\u00f4micas consideradas n\u00e3o essenciais, em \u00e2mbito nacional, estadual e municipal.<\/span><\/p>\n<p><span style=\"font-weight: 400;\">Consequentemente, j\u00e1 em abril, Juiz de Fora contabilizou queda na arrecada\u00e7\u00e3o, de 29,21%, em rela\u00e7\u00e3o ao que estava previsto, o que equivale a R$ 22 milh\u00f5es a menos na receita. A tend\u00eancia \u00e9 que este cen\u00e1rio se mantenha, ou at\u00e9 piore.<\/span><\/p>\n<p><span style=\"font-weight: 400;\">Diante dessa situa\u00e7\u00e3o, v\u00e1rias medidas vem sendo adotadas pela PJF, como forma a buscar garantir o pagamento de seus servidores, incluindo aposentados e pensionistas. Uma dessas medidas \u00e9 a redu\u00e7\u00e3o e at\u00e9 suspens\u00e3o de contratos de servi\u00e7os, de forma a cortar despesas.<\/span><\/p>\n<p><span style=\"font-weight: 400;\">Sobre o sal\u00e1rio referente a maio, os servidores receberam o contracheque com o valor integral, na semana passada, que serve como base em rela\u00e7\u00e3o ao valor l\u00edquido total, escalonado ou n\u00e3o.<\/span><\/p>\n<p><strong>Fonte:<\/strong> Assessoria<\/p>\n","protected":false},"excerpt":{"rendered":"<p>A Prefeitura de Juiz de Fora (PJF) efetuar\u00e1 nesta sexta-feira (12), o pagamento dos servidores que tiveram o sal\u00e1rio referente ao m\u00eas de maio escalonado. A medida ser\u00e1 possibilitada gra\u00e7as ao recebimento do recurso emergencial que o governo federal enviou para o munic\u00edpio na ter\u00e7a-feira (9). A PJF recebeu R$ 15,6 milh\u00f5es referentes a primeira [&hellip;]<\/p>\n","protected":false},"author":96,"featured_media":162104,"comment_status":"closed","ping_status":"closed","sticky":false,"template":"","format":"standard","meta":{"footnotes":""},"categories":[253,436,439],"tags":[],"class_list":["post-162103","post","type-post","status-publish","format-standard","has-post-thumbnail","hentry","category-cidade","category-destaque-da-semana","category-ultima-hora"],"_links":{"self":[{"href":"https:\/\/diarioregionaldigital.com.br\/index.php?rest_route=\/wp\/v2\/posts\/162103","targetHints":{"allow":["GET"]}}],"collection":[{"href":"https:\/\/diarioregionaldigital.com.br\/index.php?rest_route=\/wp\/v2\/posts"}],"about":[{"href":"https:\/\/diarioregionaldigital.com.br\/index.php?rest_route=\/wp\/v2\/types\/post"}],"author":[{"embeddable":true,"href":"https:\/\/diarioregionaldigital.com.br\/index.php?rest_route=\/wp\/v2\/users\/96"}],"replies":[{"embeddable":true,"href":"https:\/\/diarioregionaldigital.com.br\/index.php?rest_route=%2Fwp%2Fv2%2Fcomments&post=162103"}],"version-history":[{"count":0,"href":"https:\/\/diarioregionaldigital.com.br\/index.php?rest_route=\/wp\/v2\/posts\/162103\/revisions"}],"wp:featuredmedia":[{"embeddable":true,"href":"https:\/\/diarioregionaldigital.com.br\/index.php?rest_route=\/wp\/v2\/media\/162104"}],"wp:attachment":[{"href":"https:\/\/diarioregionaldigital.com.br\/index.php?rest_route=%2Fwp%2Fv2%2Fmedia&parent=162103"}],"wp:term":[{"taxonomy":"category","embeddable":true,"href":"https:\/\/diarioregionaldigital.com.br\/index.php?rest_route=%2Fwp%2Fv2%2Fcategories&post=162103"},{"taxonomy":"post_tag","embeddable":true,"href":"https:\/\/diarioregionaldigital.com.br\/index.php?rest_route=%2Fwp%2Fv2%2Ftags&post=162103"}],"curies":[{"name":"wp","href":"https:\/\/api.w.org\/{rel}","templated":true}]}}