{"id":162100,"date":"2020-06-10T11:26:51","date_gmt":"2020-06-10T14:26:51","guid":{"rendered":"https:\/\/diarioregionaldigital.com.br\/?p=162100"},"modified":"2020-06-10T11:26:51","modified_gmt":"2020-06-10T14:26:51","slug":"projeto-que-exige-uso-de-mascara-e-aprovado-na-camara","status":"publish","type":"post","link":"https:\/\/diarioregionaldigital.com.br\/?p=162100","title":{"rendered":"Projeto que exige uso de m\u00e1scara \u00e9 aprovado na C\u00e2mara"},"content":{"rendered":"<p><span style=\"font-weight: 400;\">O plen\u00e1rio da C\u00e2mara aprovou o projeto de lei que obriga o uso de m\u00e1scaras em locais p\u00fablicos ou privados, mas acess\u00edveis ao p\u00fablico, em todo o pa\u00eds. A obrigatoriedade do uso engloba transporte p\u00fablico (como \u00f4nibus e metr\u00f4), dentro de t\u00e1xis ou carros de aplicativo e avi\u00f5es.\u00a0 A mat\u00e9ria segue para a san\u00e7\u00e3o presidencial.<\/span><\/p>\n<p><span style=\"font-weight: 400;\">O n\u00e3o uso do equipamento de prote\u00e7\u00e3o individual acarretar\u00e1 multa fixada pelos estados ou munic\u00edpios. Atualmente, diversas cidades t\u00eam adotado o uso obrigat\u00f3rio de m\u00e1scaras, em leis de alcance local. Ser\u00e3o agravantes tanto a reincid\u00eancia quanto quem cometer a infra\u00e7\u00e3o em ambiente fechado.\u00a0<\/span><\/p>\n<p><span style=\"font-weight: 400;\">Ao ser analisado no Senado, os parlamentares inclu\u00edram a obrigatoriedade de \u00f3rg\u00e3os e entidades p\u00fablicas, concession\u00e1rias de servi\u00e7os p\u00fablicos e o setor privado de bens e servi\u00e7os adotarem medidas de higieniza\u00e7\u00e3o em locais de circula\u00e7\u00e3o de pessoas e no interior de ve\u00edculos, oferecendo \u00e1lcool em gel aos usu\u00e1rios.<\/span><\/p>\n<p><span style=\"font-weight: 400;\">O texto aprovado tamb\u00e9m estabelece multa caso estabelecimentos n\u00e3o colocarem \u00e0 disposi\u00e7\u00e3o do p\u00fablico \u00e1lcool em gel a 70% em locais pr\u00f3ximos a suas entradas, elevadores e escadas rolantes.<\/span><\/p>\n<p><span style=\"font-weight: 400;\">O poder p\u00fablico dever\u00e1 fornecer m\u00e1scaras \u00e0s popula\u00e7\u00f5es economicamente vulner\u00e1veis. As empresas, por sua vez, devem oferecer o item de prote\u00e7\u00e3o a seus funcion\u00e1rios, sob pena de pagamento de R$ 300 de multa por funcion\u00e1rio sem o acess\u00f3rio.<\/span><\/p>\n<p><span style=\"font-weight: 400;\">Na compra das m\u00e1scaras para os funcion\u00e1rios, o Poder P\u00fablico dar\u00e1 prioridade aos equipamentos de prote\u00e7\u00e3o feitos por costureiras ou outros produtores locais, de forma individual, associada ou por meio de cooperativas de produtores, observado sempre o pre\u00e7o de mercado.<\/span><\/p>\n<p><b>Exce\u00e7\u00f5es<\/b><\/p>\n<p><span style=\"font-weight: 400;\">O texto prev\u00ea que pessoas com transtorno do espectro autista, com defici\u00eancia intelectual, com defici\u00eancias sensoriais ou com quaisquer outras defici\u00eancias que as impe\u00e7am de fazer o uso adequado de m\u00e1scara de prote\u00e7\u00e3o facial estar\u00e3o dispensadas da obriga\u00e7\u00e3o, assim como crian\u00e7as com menos de 3 anos. Al\u00e9m disso, parlamentares proibiram a aplica\u00e7\u00e3o da multa \u00e0 popula\u00e7\u00e3o economicamente vulner\u00e1vel em qualquer hip\u00f3tese.<\/span><\/p>\n<p><strong>Fonte:<\/strong> Ag\u00eancia Brasil<\/p>\n","protected":false},"excerpt":{"rendered":"<p>O plen\u00e1rio da C\u00e2mara aprovou o projeto de lei que obriga o uso de m\u00e1scaras em locais p\u00fablicos ou privados, mas acess\u00edveis ao p\u00fablico, em todo o pa\u00eds. A obrigatoriedade do uso engloba transporte p\u00fablico (como \u00f4nibus e metr\u00f4), dentro de t\u00e1xis ou carros de aplicativo e avi\u00f5es.\u00a0 A mat\u00e9ria segue para a san\u00e7\u00e3o presidencial. [&hellip;]<\/p>\n","protected":false},"author":96,"featured_media":162101,"comment_status":"closed","ping_status":"closed","sticky":false,"template":"","format":"standard","meta":{"footnotes":""},"categories":[436,254,439],"tags":[],"class_list":["post-162100","post","type-post","status-publish","format-standard","has-post-thumbnail","hentry","category-destaque-da-semana","category-politica","category-ultima-hora"],"_links":{"self":[{"href":"https:\/\/diarioregionaldigital.com.br\/index.php?rest_route=\/wp\/v2\/posts\/162100","targetHints":{"allow":["GET"]}}],"collection":[{"href":"https:\/\/diarioregionaldigital.com.br\/index.php?rest_route=\/wp\/v2\/posts"}],"about":[{"href":"https:\/\/diarioregionaldigital.com.br\/index.php?rest_route=\/wp\/v2\/types\/post"}],"author":[{"embeddable":true,"href":"https:\/\/diarioregionaldigital.com.br\/index.php?rest_route=\/wp\/v2\/users\/96"}],"replies":[{"embeddable":true,"href":"https:\/\/diarioregionaldigital.com.br\/index.php?rest_route=%2Fwp%2Fv2%2Fcomments&post=162100"}],"version-history":[{"count":0,"href":"https:\/\/diarioregionaldigital.com.br\/index.php?rest_route=\/wp\/v2\/posts\/162100\/revisions"}],"wp:featuredmedia":[{"embeddable":true,"href":"https:\/\/diarioregionaldigital.com.br\/index.php?rest_route=\/wp\/v2\/media\/162101"}],"wp:attachment":[{"href":"https:\/\/diarioregionaldigital.com.br\/index.php?rest_route=%2Fwp%2Fv2%2Fmedia&parent=162100"}],"wp:term":[{"taxonomy":"category","embeddable":true,"href":"https:\/\/diarioregionaldigital.com.br\/index.php?rest_route=%2Fwp%2Fv2%2Fcategories&post=162100"},{"taxonomy":"post_tag","embeddable":true,"href":"https:\/\/diarioregionaldigital.com.br\/index.php?rest_route=%2Fwp%2Fv2%2Ftags&post=162100"}],"curies":[{"name":"wp","href":"https:\/\/api.w.org\/{rel}","templated":true}]}}