{"id":162097,"date":"2020-06-10T11:14:08","date_gmt":"2020-06-10T14:14:08","guid":{"rendered":"https:\/\/diarioregionaldigital.com.br\/?p=162097"},"modified":"2020-06-10T11:14:08","modified_gmt":"2020-06-10T14:14:08","slug":"brasil-tem-422-mil-medicos-aptos-a-atuar-no-combate-a-covid-19","status":"publish","type":"post","link":"https:\/\/diarioregionaldigital.com.br\/?p=162097","title":{"rendered":"Brasil tem 422 mil m\u00e9dicos aptos a atuar no combate \u00e0 covid-19"},"content":{"rendered":"<p><span style=\"font-weight: 400;\">Levantamento realizado pelo Conselho Federal de Medicina (CFM), em parceria com a Universidade de S\u00e3o Paulo (USP), aponta que no pa\u00eds 422 mil m\u00e9dicos t\u00eam idade inferior a 60 anos, ou seja, est\u00e3o aptos ao atendimento de pacientes com covid-19, desde que n\u00e3o apresentem comorbidades (doen\u00e7as graves).<\/span><\/p>\n<p><span style=\"font-weight: 400;\">Somente de janeiro a maio deste ano, 9.653 novos m\u00e9dicos conclu\u00edram a gradua\u00e7\u00e3o no pa\u00eds. Os estados de S\u00e3o Paulo, Rio de Janeiro e Minas Gerais se concentram 37,1% desse total. Os dados fazem parte do estudo Demografia M\u00e9dica no Brasil, desenvolvido pelo Conselho Federal de Medicina (CFM).<\/span><\/p>\n<p><span style=\"font-weight: 400;\">A pesquisa indica que o aumento de novos m\u00e9dicos, apenas nos primeiros cinco meses de 2020, reflete a tend\u00eancia de crescimento desse contingente de profissionais no pa\u00eds, nos \u00faltimos anos. Desde 2000, 280.948 m\u00e9dicos se formaram dentro do Brasil. Segundo o CFM, a popula\u00e7\u00e3o m\u00e9dica aumentou em 251.364 profissionais, no per\u00edodo, descontando baixas nos cadastros por motivos como aposentadoria, \u00f3bito e cancelamento.\u00a0<\/span><\/p>\n<p><b>Escolas m\u00e9dicas<\/b><\/p>\n<p><span style=\"font-weight: 400;\">Atualmente, o pa\u00eds tem 341 escolas m\u00e9dicas em funcionamento, das quais 162 (47,5%) iniciaram suas primeiras turmas entre os anos de 2011 e 2019.\u00a0 O n\u00famero total de vagas estimado em fevereiro era pr\u00f3ximo de 36 mil vagas (de primeiro ano).\u00a0<\/span><\/p>\n<p><span style=\"font-weight: 400;\">De acordo com CFM, o aumento recente do n\u00famero de novos m\u00e9dicos de m\u00e9dicos tem impacto na evolu\u00e7\u00e3o da raz\u00e3o m\u00e9dicos por mil habitantes, indicador usado em compara\u00e7\u00f5es regionais. O Brasil passou a ter 2,5 m\u00e9dicos por 1.000 habitantes. Essa raz\u00e3o \u00e9 superior ao registrado na Coreia (2,3), Pol\u00f4nia (2,4), Jap\u00e3o (2,4) e M\u00e9xico (2,4) e ligeiramente abaixo dos Estados Unidos (2,6), Canad\u00e1 (2,8) e Reino Unido (2,9).\u00a0<\/span><\/p>\n<p><span style=\"font-weight: 400;\">Internamente, os dados mostram que a distribui\u00e7\u00e3o dos m\u00e9dicos brasileiros \u00e9 desigual entre os estados. H\u00e1 pelos menos oito estados com raz\u00e3o de profissionais por 1.000 habitantes igual ou superior ao \u00edndice brasileiro: Paran\u00e1 (2,5), Minas Gerais (2,6), Santa Catarina (2,6), Esp\u00edrito Santo (2,7), Rio Grande do Sul (2,9), S\u00e3o Paulo (3,2), Rio de Janeiro (3,7) e Distrito Federal (5,1).\u00a0<\/span><\/p>\n<p><b>Volunt\u00e1rios<\/b><\/p>\n<p><span style=\"font-weight: 400;\">De acordo com o Minist\u00e9rio da Sa\u00fade, cerca de 10 mil profissionais da \u00e1rea se cadastraram no programa Brasil Conta Comigo e se apresentaram como volunt\u00e1rios para ajudar no atendimento da popula\u00e7\u00e3o. Desse total, mais de 50% estavam concentrados em S\u00e3o Paulo (19,6%), Minas Gerais (12,9%), Rio Grande do Sul (10,3%), Paran\u00e1 (6,5%) e Rio de Janeiro (6,2%). Al\u00e9m desses estados, houve ades\u00e3o significativa em Santa Catarina, Bahia, Distrito Federal, Cear\u00e1, Pernambuco, Goi\u00e1s e Esp\u00edrito Santo.<\/span><\/p>\n<table>\n<tbody>\n<tr>\n<td><span style=\"font-weight: 400;\">Estado<\/span><\/td>\n<td><span style=\"font-weight: 400;\">M\u00e9dicos em atividade em 2020, com idade inferior a 60 anos<\/span><\/td>\n<td><span style=\"font-weight: 400;\">% com idade inferior a 60 anos em rela\u00e7\u00e3o ao total de m\u00e9dicos<\/span><\/td>\n<\/tr>\n<tr>\n<td><span style=\"font-weight: 400;\">S\u00c3O PAULO<\/span><\/td>\n<td><span style=\"font-weight: 400;\">119.571<\/span><\/td>\n<td><span style=\"font-weight: 400;\">28,3<\/span><\/td>\n<\/tr>\n<tr>\n<td><span style=\"font-weight: 400;\">RIO DE JANEIRO<\/span><\/td>\n<td><span style=\"font-weight: 400;\">47.218<\/span><\/td>\n<td><span style=\"font-weight: 400;\">11,2<\/span><\/td>\n<\/tr>\n<tr>\n<td><span style=\"font-weight: 400;\">MINAS GERAIS<\/span><\/td>\n<td><span style=\"font-weight: 400;\">46.830<\/span><\/td>\n<td><span style=\"font-weight: 400;\">11,1<\/span><\/td>\n<\/tr>\n<tr>\n<td><span style=\"font-weight: 400;\">RIO GRANDE DO SUL<\/span><\/td>\n<td><span style=\"font-weight: 400;\">25.503<\/span><\/td>\n<td><span style=\"font-weight: 400;\">6,0<\/span><\/td>\n<\/tr>\n<tr>\n<td><span style=\"font-weight: 400;\">PARAN\u00c1<\/span><\/td>\n<td><span style=\"font-weight: 400;\">23.936<\/span><\/td>\n<td><span style=\"font-weight: 400;\">5,7<\/span><\/td>\n<\/tr>\n<tr>\n<td><span style=\"font-weight: 400;\">BAHIA<\/span><\/td>\n<td><span style=\"font-weight: 400;\">19.746<\/span><\/td>\n<td><span style=\"font-weight: 400;\">4,7<\/span><\/td>\n<\/tr>\n<tr>\n<td><span style=\"font-weight: 400;\">SANTA CATARINA<\/span><\/td>\n<td><span style=\"font-weight: 400;\">16.030<\/span><\/td>\n<td><span style=\"font-weight: 400;\">3,8<\/span><\/td>\n<\/tr>\n<tr>\n<td><span style=\"font-weight: 400;\">PERNAMBUCO<\/span><\/td>\n<td><span style=\"font-weight: 400;\">15.104<\/span><\/td>\n<td><span style=\"font-weight: 400;\">3,6<\/span><\/td>\n<\/tr>\n<tr>\n<td><span style=\"font-weight: 400;\">GOI\u00c1S<\/span><\/td>\n<td><span style=\"font-weight: 400;\">13.469<\/span><\/td>\n<td><span style=\"font-weight: 400;\">3,2<\/span><\/td>\n<\/tr>\n<tr>\n<td><span style=\"font-weight: 400;\">DISTRITO FEDERAL<\/span><\/td>\n<td><span style=\"font-weight: 400;\">12.860<\/span><\/td>\n<td><span style=\"font-weight: 400;\">3,0<\/span><\/td>\n<\/tr>\n<tr>\n<td><span style=\"font-weight: 400;\">CEAR\u00c1<\/span><\/td>\n<td><span style=\"font-weight: 400;\">12.424<\/span><\/td>\n<td><span style=\"font-weight: 400;\">2,9<\/span><\/td>\n<\/tr>\n<tr>\n<td><span style=\"font-weight: 400;\">ESP\u00cdRITO SANTO<\/span><\/td>\n<td><span style=\"font-weight: 400;\">8.915<\/span><\/td>\n<td><span style=\"font-weight: 400;\">2,1<\/span><\/td>\n<\/tr>\n<tr>\n<td><span style=\"font-weight: 400;\">PAR\u00c1<\/span><\/td>\n<td><span style=\"font-weight: 400;\">7.229<\/span><\/td>\n<td><span style=\"font-weight: 400;\">1,7<\/span><\/td>\n<\/tr>\n<tr>\n<td><span style=\"font-weight: 400;\">PARA\u00cdBA<\/span><\/td>\n<td><span style=\"font-weight: 400;\">6.290<\/span><\/td>\n<td><span style=\"font-weight: 400;\">1,5<\/span><\/td>\n<\/tr>\n<tr>\n<td><span style=\"font-weight: 400;\">MARANH\u00c3O<\/span><\/td>\n<td><span style=\"font-weight: 400;\">6.135<\/span><\/td>\n<td><span style=\"font-weight: 400;\">1,5<\/span><\/td>\n<\/tr>\n<tr>\n<td><span style=\"font-weight: 400;\">MATO GROSSO<\/span><\/td>\n<td><span style=\"font-weight: 400;\">5.630<\/span><\/td>\n<td><span style=\"font-weight: 400;\">1,3<\/span><\/td>\n<\/tr>\n<tr>\n<td><span style=\"font-weight: 400;\">MATO GROSSO DO SUL<\/span><\/td>\n<td><span style=\"font-weight: 400;\">5.455<\/span><\/td>\n<td><span style=\"font-weight: 400;\">1,3<\/span><\/td>\n<\/tr>\n<tr>\n<td><span style=\"font-weight: 400;\">RIO GRANDE DO NORTE<\/span><\/td>\n<td><span style=\"font-weight: 400;\">5.321<\/span><\/td>\n<td><span style=\"font-weight: 400;\">1,3<\/span><\/td>\n<\/tr>\n<tr>\n<td><span style=\"font-weight: 400;\">AMAZONAS<\/span><\/td>\n<td><span style=\"font-weight: 400;\">4.520<\/span><\/td>\n<td><span style=\"font-weight: 400;\">1,1<\/span><\/td>\n<\/tr>\n<tr>\n<td><span style=\"font-weight: 400;\">PIAU\u00cd<\/span><\/td>\n<td><span style=\"font-weight: 400;\">4.354<\/span><\/td>\n<td><span style=\"font-weight: 400;\">1,0<\/span><\/td>\n<\/tr>\n<tr>\n<td><span style=\"font-weight: 400;\">ALAGOAS<\/span><\/td>\n<td><span style=\"font-weight: 400;\">3.798<\/span><\/td>\n<td><span style=\"font-weight: 400;\">0,9<\/span><\/td>\n<\/tr>\n<tr>\n<td><span style=\"font-weight: 400;\">SERGIPE<\/span><\/td>\n<td><span style=\"font-weight: 400;\">3.514<\/span><\/td>\n<td><span style=\"font-weight: 400;\">0,8<\/span><\/td>\n<\/tr>\n<tr>\n<td><span style=\"font-weight: 400;\">TOCANTINS<\/span><\/td>\n<td><span style=\"font-weight: 400;\">2.756<\/span><\/td>\n<td><span style=\"font-weight: 400;\">0,7<\/span><\/td>\n<\/tr>\n<tr>\n<td><span style=\"font-weight: 400;\">ROND\u00d4NIA<\/span><\/td>\n<td><span style=\"font-weight: 400;\">2.722<\/span><\/td>\n<td><span style=\"font-weight: 400;\">0,6<\/span><\/td>\n<\/tr>\n<tr>\n<td><span style=\"font-weight: 400;\">ACRE<\/span><\/td>\n<td><span style=\"font-weight: 400;\">913<\/span><\/td>\n<td><span style=\"font-weight: 400;\">0,2<\/span><\/td>\n<\/tr>\n<tr>\n<td><span style=\"font-weight: 400;\">RORAIMA<\/span><\/td>\n<td><span style=\"font-weight: 400;\">853<\/span><\/td>\n<td><span style=\"font-weight: 400;\">0,2<\/span><\/td>\n<\/tr>\n<tr>\n<td><span style=\"font-weight: 400;\">AMAPA<\/span><\/td>\n<td><span style=\"font-weight: 400;\">816<\/span><\/td>\n<td><span style=\"font-weight: 400;\">0,2<\/span><\/td>\n<\/tr>\n<tr>\n<td><span style=\"font-weight: 400;\">Total:<\/span><\/td>\n<td><span style=\"font-weight: 400;\">421.912<\/span><\/td>\n<td><span style=\"font-weight: 400;\">100<\/span><\/td>\n<\/tr>\n<\/tbody>\n<\/table>\n<p>&nbsp;<\/p>\n<p><strong>Fonte:<\/strong> Ag\u00eancia Brasil<\/p>\n","protected":false},"excerpt":{"rendered":"<p>Levantamento realizado pelo Conselho Federal de Medicina (CFM), em parceria com a Universidade de S\u00e3o Paulo (USP), aponta que no pa\u00eds 422 mil m\u00e9dicos t\u00eam idade inferior a 60 anos, ou seja, est\u00e3o aptos ao atendimento de pacientes com covid-19, desde que n\u00e3o apresentem comorbidades (doen\u00e7as graves). Somente de janeiro a maio deste ano, 9.653 [&hellip;]<\/p>\n","protected":false},"author":96,"featured_media":162098,"comment_status":"closed","ping_status":"closed","sticky":false,"template":"","format":"standard","meta":{"footnotes":""},"categories":[302,436,440,439],"tags":[],"class_list":["post-162097","post","type-post","status-publish","format-standard","has-post-thumbnail","hentry","category-brasil-mundo","category-destaque-da-semana","category-destaques-do-dia","category-ultima-hora"],"_links":{"self":[{"href":"https:\/\/diarioregionaldigital.com.br\/index.php?rest_route=\/wp\/v2\/posts\/162097","targetHints":{"allow":["GET"]}}],"collection":[{"href":"https:\/\/diarioregionaldigital.com.br\/index.php?rest_route=\/wp\/v2\/posts"}],"about":[{"href":"https:\/\/diarioregionaldigital.com.br\/index.php?rest_route=\/wp\/v2\/types\/post"}],"author":[{"embeddable":true,"href":"https:\/\/diarioregionaldigital.com.br\/index.php?rest_route=\/wp\/v2\/users\/96"}],"replies":[{"embeddable":true,"href":"https:\/\/diarioregionaldigital.com.br\/index.php?rest_route=%2Fwp%2Fv2%2Fcomments&post=162097"}],"version-history":[{"count":0,"href":"https:\/\/diarioregionaldigital.com.br\/index.php?rest_route=\/wp\/v2\/posts\/162097\/revisions"}],"wp:featuredmedia":[{"embeddable":true,"href":"https:\/\/diarioregionaldigital.com.br\/index.php?rest_route=\/wp\/v2\/media\/162098"}],"wp:attachment":[{"href":"https:\/\/diarioregionaldigital.com.br\/index.php?rest_route=%2Fwp%2Fv2%2Fmedia&parent=162097"}],"wp:term":[{"taxonomy":"category","embeddable":true,"href":"https:\/\/diarioregionaldigital.com.br\/index.php?rest_route=%2Fwp%2Fv2%2Fcategories&post=162097"},{"taxonomy":"post_tag","embeddable":true,"href":"https:\/\/diarioregionaldigital.com.br\/index.php?rest_route=%2Fwp%2Fv2%2Ftags&post=162097"}],"curies":[{"name":"wp","href":"https:\/\/api.w.org\/{rel}","templated":true}]}}