{"id":162094,"date":"2020-06-10T11:09:53","date_gmt":"2020-06-10T14:09:53","guid":{"rendered":"https:\/\/diarioregionaldigital.com.br\/?p=162094"},"modified":"2020-06-10T11:09:53","modified_gmt":"2020-06-10T14:09:53","slug":"governo-de-minas-anuncia-primeira-parcela-do-salario-dos-servidores-e-quitacao-integral-para-saude-e-seguranca","status":"publish","type":"post","link":"https:\/\/diarioregionaldigital.com.br\/?p=162094","title":{"rendered":"Governo de Minas anuncia primeira parcela do sal\u00e1rio dos servidores e quita\u00e7\u00e3o integral para Sa\u00fade e Seguran\u00e7a"},"content":{"rendered":"<p><span style=\"font-weight: 400;\">Os servidores das \u00e1reas de Sa\u00fade e de Seguran\u00e7a P\u00fablica do Estado de Minas Gerais receber\u00e3o o sal\u00e1rio referente ao m\u00eas de maio integralmente na pr\u00f3xima segunda-feira (15). A medida, anunciada pelo Governo de Minas na ter\u00e7a-feira (9), foi contemplado os profissionais da linha de frente do combate ao coronav\u00edrus nos 853 munic\u00edpios mineiros.<\/span><\/p>\n<p><span style=\"font-weight: 400;\">Na mesma data, ser\u00e1 realizado tamb\u00e9m o pagamento da primeira parcela do sal\u00e1rio dos servidores estaduais das demais categorias no valor de R$ 2 mil.<\/span><\/p>\n<p><span style=\"font-weight: 400;\">O pagamento ser\u00e1 poss\u00edvel em raz\u00e3o da libera\u00e7\u00e3o, tamb\u00e9m nesta ter\u00e7a-feira, da primeira parcela do aux\u00edlio emergencial repassado pela Uni\u00e3o a estados e munic\u00edpios, para compensar perdas de arrecada\u00e7\u00e3o e gastos extras com Sa\u00fade por causa da pandemia do coronav\u00edrus.<\/span><\/p>\n<p><span style=\"font-weight: 400;\">A quita\u00e7\u00e3o do sal\u00e1rio de todo o funcionalismo \u00e9 prioridade para o Governo de Minas. A crise desencadeada pela covid-19 tem impactado negativamente na arrecada\u00e7\u00e3o do Estado, mas o governo estadual segue acompanhando o fluxo de caixa e anunciar\u00e1 a data do pagamento da segunda parcela assim que poss\u00edvel.<\/span><\/p>\n<p><strong>Fonte:<\/strong> Ag\u00eancia Minas<\/p>\n","protected":false},"excerpt":{"rendered":"<p>Os servidores das \u00e1reas de Sa\u00fade e de Seguran\u00e7a P\u00fablica do Estado de Minas Gerais receber\u00e3o o sal\u00e1rio referente ao m\u00eas de maio integralmente na pr\u00f3xima segunda-feira (15). A medida, anunciada pelo Governo de Minas na ter\u00e7a-feira (9), foi contemplado os profissionais da linha de frente do combate ao coronav\u00edrus nos 853 munic\u00edpios mineiros. Na [&hellip;]<\/p>\n","protected":false},"author":96,"featured_media":162095,"comment_status":"closed","ping_status":"closed","sticky":false,"template":"","format":"standard","meta":{"footnotes":""},"categories":[436,261,439],"tags":[],"class_list":["post-162094","post","type-post","status-publish","format-standard","has-post-thumbnail","hentry","category-destaque-da-semana","category-economia","category-ultima-hora"],"_links":{"self":[{"href":"https:\/\/diarioregionaldigital.com.br\/index.php?rest_route=\/wp\/v2\/posts\/162094","targetHints":{"allow":["GET"]}}],"collection":[{"href":"https:\/\/diarioregionaldigital.com.br\/index.php?rest_route=\/wp\/v2\/posts"}],"about":[{"href":"https:\/\/diarioregionaldigital.com.br\/index.php?rest_route=\/wp\/v2\/types\/post"}],"author":[{"embeddable":true,"href":"https:\/\/diarioregionaldigital.com.br\/index.php?rest_route=\/wp\/v2\/users\/96"}],"replies":[{"embeddable":true,"href":"https:\/\/diarioregionaldigital.com.br\/index.php?rest_route=%2Fwp%2Fv2%2Fcomments&post=162094"}],"version-history":[{"count":0,"href":"https:\/\/diarioregionaldigital.com.br\/index.php?rest_route=\/wp\/v2\/posts\/162094\/revisions"}],"wp:featuredmedia":[{"embeddable":true,"href":"https:\/\/diarioregionaldigital.com.br\/index.php?rest_route=\/wp\/v2\/media\/162095"}],"wp:attachment":[{"href":"https:\/\/diarioregionaldigital.com.br\/index.php?rest_route=%2Fwp%2Fv2%2Fmedia&parent=162094"}],"wp:term":[{"taxonomy":"category","embeddable":true,"href":"https:\/\/diarioregionaldigital.com.br\/index.php?rest_route=%2Fwp%2Fv2%2Fcategories&post=162094"},{"taxonomy":"post_tag","embeddable":true,"href":"https:\/\/diarioregionaldigital.com.br\/index.php?rest_route=%2Fwp%2Fv2%2Ftags&post=162094"}],"curies":[{"name":"wp","href":"https:\/\/api.w.org\/{rel}","templated":true}]}}