{"id":162090,"date":"2020-06-10T11:04:45","date_gmt":"2020-06-10T14:04:45","guid":{"rendered":"https:\/\/diarioregionaldigital.com.br\/?p=162090"},"modified":"2020-06-10T11:04:45","modified_gmt":"2020-06-10T14:04:45","slug":"segunda-onda-da-covid-19-pode-levar-pib-do-brasil-cair-91","status":"publish","type":"post","link":"https:\/\/diarioregionaldigital.com.br\/?p=162090","title":{"rendered":"Segunda onda da covid-19 pode levar PIB do Brasil cair 9,1%"},"content":{"rendered":"<p><span style=\"font-weight: 400;\">A economia brasileira deve apresentar queda de 7,4% neste ano, segundo previs\u00e3o da Organiza\u00e7\u00e3o para a Coopera\u00e7\u00e3o e Desenvolvimento Econ\u00f4mico (OCDE). Essa retra\u00e7\u00e3o pode ser ainda maior, se houver uma segunda onda de contamina\u00e7\u00e3o pelo novo coronav\u00edrus (covid-19), chegando a 9,1% de queda do Produto Interno Bruto (PIB, soma de todos os bens e servi\u00e7os produzidos no pa\u00eds).<\/span><\/p>\n<p><span style=\"font-weight: 400;\">Segundo relat\u00f3rio publicado hoje (10) pela OCDE, a economia brasileira estava finalmente se recuperando de uma longa recess\u00e3o quando veio o surto da covid-19. E agora, h\u00e1 previs\u00e3o \u00e9 que a economia sofra uma recess\u00e3o ainda mais profunda, diz a organiza\u00e7\u00e3o.<\/span><\/p>\n<p><span style=\"font-weight: 400;\">Para a OCDE, a recupera\u00e7\u00e3o da economia ser\u00e1 lenta e parcial, e alguns empregos e empresas ser\u00e3o perdidos. \u201cO desemprego vai bater recorde hist\u00f3rico antes de recuar gradualmente\u201d, avalia.<\/span><\/p>\n<p><span style=\"font-weight: 400;\">Para 2021, a previs\u00e3o \u00e9 de crescimento de 2,4% do PIB, no cen\u00e1rio com duplo surto deacovid-19. No cen\u00e1rio com apenas uma onda de contamina\u00e7\u00e3o, a previs\u00e3o de expans\u00e3o para o pr\u00f3ximo ano \u00e9 4,2%.<\/span><\/p>\n<p><b>Mundo<\/b><\/p>\n<p><span style=\"font-weight: 400;\">A previs\u00e3o da OCDE para a queda da economia mundial \u00e9 de 6% neste ano, em caso de controle do surto da covid-19, com crescimento de 5,2%, em 2021. Se houver uma segunda onda de contamina\u00e7\u00e3o, a proje\u00e7\u00e3o de queda \u00e9 7,6%, em 2020, e expans\u00e3o de 2,8% em 2021.<\/span><\/p>\n<p><strong>Fonte:<\/strong> Ag\u00eancia Brasil<\/p>\n","protected":false},"excerpt":{"rendered":"<p>A economia brasileira deve apresentar queda de 7,4% neste ano, segundo previs\u00e3o da Organiza\u00e7\u00e3o para a Coopera\u00e7\u00e3o e Desenvolvimento Econ\u00f4mico (OCDE). Essa retra\u00e7\u00e3o pode ser ainda maior, se houver uma segunda onda de contamina\u00e7\u00e3o pelo novo coronav\u00edrus (covid-19), chegando a 9,1% de queda do Produto Interno Bruto (PIB, soma de todos os bens e servi\u00e7os [&hellip;]<\/p>\n","protected":false},"author":96,"featured_media":162091,"comment_status":"closed","ping_status":"closed","sticky":false,"template":"","format":"standard","meta":{"footnotes":""},"categories":[436,261,439],"tags":[],"class_list":["post-162090","post","type-post","status-publish","format-standard","has-post-thumbnail","hentry","category-destaque-da-semana","category-economia","category-ultima-hora"],"_links":{"self":[{"href":"https:\/\/diarioregionaldigital.com.br\/index.php?rest_route=\/wp\/v2\/posts\/162090","targetHints":{"allow":["GET"]}}],"collection":[{"href":"https:\/\/diarioregionaldigital.com.br\/index.php?rest_route=\/wp\/v2\/posts"}],"about":[{"href":"https:\/\/diarioregionaldigital.com.br\/index.php?rest_route=\/wp\/v2\/types\/post"}],"author":[{"embeddable":true,"href":"https:\/\/diarioregionaldigital.com.br\/index.php?rest_route=\/wp\/v2\/users\/96"}],"replies":[{"embeddable":true,"href":"https:\/\/diarioregionaldigital.com.br\/index.php?rest_route=%2Fwp%2Fv2%2Fcomments&post=162090"}],"version-history":[{"count":0,"href":"https:\/\/diarioregionaldigital.com.br\/index.php?rest_route=\/wp\/v2\/posts\/162090\/revisions"}],"wp:featuredmedia":[{"embeddable":true,"href":"https:\/\/diarioregionaldigital.com.br\/index.php?rest_route=\/wp\/v2\/media\/162091"}],"wp:attachment":[{"href":"https:\/\/diarioregionaldigital.com.br\/index.php?rest_route=%2Fwp%2Fv2%2Fmedia&parent=162090"}],"wp:term":[{"taxonomy":"category","embeddable":true,"href":"https:\/\/diarioregionaldigital.com.br\/index.php?rest_route=%2Fwp%2Fv2%2Fcategories&post=162090"},{"taxonomy":"post_tag","embeddable":true,"href":"https:\/\/diarioregionaldigital.com.br\/index.php?rest_route=%2Fwp%2Fv2%2Ftags&post=162090"}],"curies":[{"name":"wp","href":"https:\/\/api.w.org\/{rel}","templated":true}]}}