{"id":162087,"date":"2020-06-10T10:52:52","date_gmt":"2020-06-10T13:52:52","guid":{"rendered":"https:\/\/diarioregionaldigital.com.br\/?p=162087"},"modified":"2020-06-10T10:52:52","modified_gmt":"2020-06-10T13:52:52","slug":"saude-registra-quase-1-400-novos-casos-confirmados-de-coronavirus-em-minas-gerais","status":"publish","type":"post","link":"https:\/\/diarioregionaldigital.com.br\/?p=162087","title":{"rendered":"Sa\u00fade registra quase 1.400 novos casos confirmados de Coronav\u00edrus em Minas Gerais"},"content":{"rendered":"<p>O\u00a0<a href=\"https:\/\/www.saude.mg.gov.br\/images\/Boletim_Epidemiologico_COVID-19_10.06.2020.pdf\">boletim epidemiol\u00f3gico<\/a> divulgado nesta quarta-feira (10) pela Secretaria de Estado da Sa\u00fade de Minas Gerais (SES-MG), indica aumento de 1.399 novos casos de Coronav\u00edrus no estado, totalizando 17.501 casos confirmados.\u00a0 Conforme o levantamento, houve aumento de 399 para 409 mortes confirmadas, sendo estas em: Contagem, Ipatinga, Tr\u00eas Cora\u00e7\u00f5es, Muria\u00e9, Uberada, Uberl\u00e2ndia, S\u00e3o Francisco do Gl\u00f3ria, Leopoldina e uma v\u00edtima nascida em outro estado.<\/p>\n<p>Segundo os dados atualizados, houve aumento 7.363 para 7.816 pacientes recuperados. Al\u00e9m disso, foram feitos 26.041 testes laboratoriais, sendo que 2.622 deram resultado positivo, 22.575 deram negativo para Coronav\u00edrus e 570 est\u00e3o sob an\u00e1lise.<\/p>\n<p>Segundo o boletim, dos 17.501 casos confirmados, 9.542 s\u00e3o do sexo masculino (56% dos casos) e 7.550 s\u00e3o do sexo feminino (44% dos casos). Quanto aos \u00f3bitos confirmados, 214 s\u00e3o do sexo masculino (52% dos casos) e 195 do feminino (48% dos casos).<\/p>\n<p>Os\u00a0dados atualizados\u00a0referentes a \u00f3bitos confirmados em Minas Gerais podem ser conferidos no anexo abaixo.<\/p>\n<p><a href=\"https:\/\/diarioregionaldigital.com.br\/wp-content\/uploads\/2020\/06\/OBITOS_CONF_COVID-19_MG_10.06.2020.xls\">OBITOS_CONF_COVID-19_MG_10.06.2020<\/a><\/p>\n","protected":false},"excerpt":{"rendered":"<p>O\u00a0boletim epidemiol\u00f3gico divulgado nesta quarta-feira (10) pela Secretaria de Estado da Sa\u00fade de Minas Gerais (SES-MG), indica aumento de 1.399 novos casos de Coronav\u00edrus no estado, totalizando 17.501 casos confirmados.\u00a0 Conforme o levantamento, houve aumento de 399 para 409 mortes confirmadas, sendo estas em: Contagem, Ipatinga, Tr\u00eas Cora\u00e7\u00f5es, Muria\u00e9, Uberada, Uberl\u00e2ndia, S\u00e3o Francisco do Gl\u00f3ria, [&hellip;]<\/p>\n","protected":false},"author":96,"featured_media":161787,"comment_status":"closed","ping_status":"closed","sticky":false,"template":"","format":"standard","meta":{"footnotes":""},"categories":[436,440,252,439],"tags":[],"class_list":["post-162087","post","type-post","status-publish","format-standard","has-post-thumbnail","hentry","category-destaque-da-semana","category-destaques-do-dia","category-regiao","category-ultima-hora"],"_links":{"self":[{"href":"https:\/\/diarioregionaldigital.com.br\/index.php?rest_route=\/wp\/v2\/posts\/162087","targetHints":{"allow":["GET"]}}],"collection":[{"href":"https:\/\/diarioregionaldigital.com.br\/index.php?rest_route=\/wp\/v2\/posts"}],"about":[{"href":"https:\/\/diarioregionaldigital.com.br\/index.php?rest_route=\/wp\/v2\/types\/post"}],"author":[{"embeddable":true,"href":"https:\/\/diarioregionaldigital.com.br\/index.php?rest_route=\/wp\/v2\/users\/96"}],"replies":[{"embeddable":true,"href":"https:\/\/diarioregionaldigital.com.br\/index.php?rest_route=%2Fwp%2Fv2%2Fcomments&post=162087"}],"version-history":[{"count":0,"href":"https:\/\/diarioregionaldigital.com.br\/index.php?rest_route=\/wp\/v2\/posts\/162087\/revisions"}],"wp:featuredmedia":[{"embeddable":true,"href":"https:\/\/diarioregionaldigital.com.br\/index.php?rest_route=\/wp\/v2\/media\/161787"}],"wp:attachment":[{"href":"https:\/\/diarioregionaldigital.com.br\/index.php?rest_route=%2Fwp%2Fv2%2Fmedia&parent=162087"}],"wp:term":[{"taxonomy":"category","embeddable":true,"href":"https:\/\/diarioregionaldigital.com.br\/index.php?rest_route=%2Fwp%2Fv2%2Fcategories&post=162087"},{"taxonomy":"post_tag","embeddable":true,"href":"https:\/\/diarioregionaldigital.com.br\/index.php?rest_route=%2Fwp%2Fv2%2Ftags&post=162087"}],"curies":[{"name":"wp","href":"https:\/\/api.w.org\/{rel}","templated":true}]}}