{"id":162082,"date":"2020-06-10T06:00:42","date_gmt":"2020-06-10T09:00:42","guid":{"rendered":"https:\/\/diarioregionaldigital.com.br\/?p=162082"},"modified":"2020-06-10T00:15:42","modified_gmt":"2020-06-10T03:15:42","slug":"prefeitura-municipal-de-tocantins-licitacao-no054-10-06-2020","status":"publish","type":"post","link":"https:\/\/diarioregionaldigital.com.br\/?p=162082","title":{"rendered":"Prefeitura Municipal de Tocantins &#8211; Licita\u00e7\u00e3o n\u00ba054 &#8211; 10\/06\/2020"},"content":{"rendered":"<p style=\"text-align: center;\"><strong>PREFEITURA MUNICIPAL DE TOCANTINS-MG<\/strong><\/p>\n<p style=\"text-align: center;\"><strong>AVISO DE LICITA\u00c7\u00c3O<\/strong><\/p>\n<p style=\"text-align: center;\"><strong>Processo Licita\u00e7\u00e3o n\u00b0054\/2020<\/strong><\/p>\n<p style=\"text-align: center;\"><strong>Modalidade de Preg\u00e3o Presencial n\u00b0024\/2020<\/strong><\/p>\n<p style=\"text-align: center;\">O Munic\u00edpio de TOCANTINS-MG, na forma da lei, faz saber a todos os interessados que far\u00e1 licita\u00e7\u00e3o tendo como\u00a0objeto principal PREG\u00c3O PRESENCIAL para MENOR PRE\u00c7O GLOBAL para contrata\u00e7\u00e3o de empresa especializada em fornecimento de G\u00caNEROS ALIMENT\u00cdCIOS \u201cCESTAS B\u00c1SICAS\u201d PARA DISTRIBUI\u00c7\u00c3O \u00c1S FAM\u00cdLIAS CARENTE INSCRITA EM PROGRAMA SOCIAL. Conforme a solicita\u00e7\u00e3o da Secretaria Municipal de Desenvolvimento e Assist\u00eancia Social \u2013 SMDAS do Munic\u00edpio de Tocantins-MG,\u00a0cuja\u00a0<strong>sess\u00e3o p\u00fablica se dar\u00e1 no dia 24\/06\/2020 as 08:00 horas\u00a0<\/strong>na sala da comiss\u00e3o de licita\u00e7\u00e3o, localizada na Av. Padre Mac\u00e1rio, n\u00b0 129, bairro Centro, Munic\u00edpio de TOCANTINS-MG. O edital completo encontra-se a disposi\u00e7\u00e3o dos interessados no endere\u00e7o citado anteriormente, no hor\u00e1rio de expediente de 07:00 as 11:00 horas e ou\u00a0endere\u00e7o eletr\u00f4nico\u00a0<a href=\"http:\/\/tocantins.mg.gov.br\/\">http:\/\/tocantins.mg.gov.br\/<\/a>.. TOCANTINS, 09 de junho de 2020.<\/p>\n<p style=\"text-align: center;\">_________________________________________<\/p>\n<p style=\"text-align: center;\"><strong>Luiz Fernando Barbosa da Silva<\/strong><\/p>\n<p style=\"text-align: center;\"><strong>\u00a0Pregoeiro<\/strong><\/p>\n","protected":false},"excerpt":{"rendered":"<p>PREFEITURA MUNICIPAL DE TOCANTINS-MG AVISO DE LICITA\u00c7\u00c3O Processo Licita\u00e7\u00e3o n\u00b0054\/2020 Modalidade de Preg\u00e3o Presencial n\u00b0024\/2020 O Munic\u00edpio de TOCANTINS-MG, na forma da lei, faz saber a todos os interessados que far\u00e1 licita\u00e7\u00e3o tendo como\u00a0objeto principal PREG\u00c3O PRESENCIAL para MENOR PRE\u00c7O GLOBAL para contrata\u00e7\u00e3o de empresa especializada em fornecimento de G\u00caNEROS ALIMENT\u00cdCIOS \u201cCESTAS B\u00c1SICAS\u201d PARA DISTRIBUI\u00c7\u00c3O [&hellip;]<\/p>\n","protected":false},"author":96,"featured_media":0,"comment_status":"closed","ping_status":"closed","sticky":false,"template":"","format":"standard","meta":{"footnotes":""},"categories":[307],"tags":[],"class_list":["post-162082","post","type-post","status-publish","format-standard","hentry","category-editais"],"_links":{"self":[{"href":"https:\/\/diarioregionaldigital.com.br\/index.php?rest_route=\/wp\/v2\/posts\/162082","targetHints":{"allow":["GET"]}}],"collection":[{"href":"https:\/\/diarioregionaldigital.com.br\/index.php?rest_route=\/wp\/v2\/posts"}],"about":[{"href":"https:\/\/diarioregionaldigital.com.br\/index.php?rest_route=\/wp\/v2\/types\/post"}],"author":[{"embeddable":true,"href":"https:\/\/diarioregionaldigital.com.br\/index.php?rest_route=\/wp\/v2\/users\/96"}],"replies":[{"embeddable":true,"href":"https:\/\/diarioregionaldigital.com.br\/index.php?rest_route=%2Fwp%2Fv2%2Fcomments&post=162082"}],"version-history":[{"count":0,"href":"https:\/\/diarioregionaldigital.com.br\/index.php?rest_route=\/wp\/v2\/posts\/162082\/revisions"}],"wp:attachment":[{"href":"https:\/\/diarioregionaldigital.com.br\/index.php?rest_route=%2Fwp%2Fv2%2Fmedia&parent=162082"}],"wp:term":[{"taxonomy":"category","embeddable":true,"href":"https:\/\/diarioregionaldigital.com.br\/index.php?rest_route=%2Fwp%2Fv2%2Fcategories&post=162082"},{"taxonomy":"post_tag","embeddable":true,"href":"https:\/\/diarioregionaldigital.com.br\/index.php?rest_route=%2Fwp%2Fv2%2Ftags&post=162082"}],"curies":[{"name":"wp","href":"https:\/\/api.w.org\/{rel}","templated":true}]}}