{"id":162076,"date":"2020-06-10T06:00:16","date_gmt":"2020-06-10T09:00:16","guid":{"rendered":"https:\/\/diarioregionaldigital.com.br\/?p=162076"},"modified":"2020-06-10T00:10:15","modified_gmt":"2020-06-10T03:10:15","slug":"prefeitura-municipal-de-descoberto-contrato-10-06-2020","status":"publish","type":"post","link":"https:\/\/diarioregionaldigital.com.br\/?p=162076","title":{"rendered":"Prefeitura Municipal de Descoberto &#8211; Contrato &#8211; 10\/06\/2020"},"content":{"rendered":"<p style=\"text-align: center;\"><strong>EXTRATO DE SEGUNDO TERMO ADITIO DE CONTRATO<\/strong><\/p>\n<p style=\"text-align: center;\">2\u00ba Termo Aditivo.Pref. Municipal de Descoberto x Agrifama Ltda \u2013 ME \u00a0&#8211; Objeto: A modifica\u00e7\u00e3o do prazo de vig\u00eancia do contrato, que passar\u00e1 a vigorar de 15\/06\/2020 a 15\/07\/2020 &#8211; Conv\u00eanio n\u00ba 885138\/2019 &#8211; Fundamento: Preg\u00e3o 008\/2020 \u2013 Valor Global: 122.283,33 \u00a0\u2013 Vig\u00eancia: 1 m\u00eas \u2013 Dot or\u00e7: 02.02006.20.606.0014.115-449052\/124- 02.0006.00015.122.0002.2102-339030\/100- Ass: 10\/06\/2020- Foro: S\u00e3o Jo\u00e3o Nepomuceno\/MG<\/p>\n<p style=\"text-align: center;\"><strong>Marcos de Ara\u00fajo Lima <\/strong><\/p>\n<p style=\"text-align: center;\"><strong>\u00a0Prefeito Municipal<\/strong><\/p>\n","protected":false},"excerpt":{"rendered":"<p>EXTRATO DE SEGUNDO TERMO ADITIO DE CONTRATO 2\u00ba Termo Aditivo.Pref. Municipal de Descoberto x Agrifama Ltda \u2013 ME \u00a0&#8211; Objeto: A modifica\u00e7\u00e3o do prazo de vig\u00eancia do contrato, que passar\u00e1 a vigorar de 15\/06\/2020 a 15\/07\/2020 &#8211; Conv\u00eanio n\u00ba 885138\/2019 &#8211; Fundamento: Preg\u00e3o 008\/2020 \u2013 Valor Global: 122.283,33 \u00a0\u2013 Vig\u00eancia: 1 m\u00eas \u2013 Dot or\u00e7: [&hellip;]<\/p>\n","protected":false},"author":96,"featured_media":0,"comment_status":"closed","ping_status":"closed","sticky":false,"template":"","format":"standard","meta":{"footnotes":""},"categories":[307],"tags":[],"class_list":["post-162076","post","type-post","status-publish","format-standard","hentry","category-editais"],"_links":{"self":[{"href":"https:\/\/diarioregionaldigital.com.br\/index.php?rest_route=\/wp\/v2\/posts\/162076","targetHints":{"allow":["GET"]}}],"collection":[{"href":"https:\/\/diarioregionaldigital.com.br\/index.php?rest_route=\/wp\/v2\/posts"}],"about":[{"href":"https:\/\/diarioregionaldigital.com.br\/index.php?rest_route=\/wp\/v2\/types\/post"}],"author":[{"embeddable":true,"href":"https:\/\/diarioregionaldigital.com.br\/index.php?rest_route=\/wp\/v2\/users\/96"}],"replies":[{"embeddable":true,"href":"https:\/\/diarioregionaldigital.com.br\/index.php?rest_route=%2Fwp%2Fv2%2Fcomments&post=162076"}],"version-history":[{"count":0,"href":"https:\/\/diarioregionaldigital.com.br\/index.php?rest_route=\/wp\/v2\/posts\/162076\/revisions"}],"wp:attachment":[{"href":"https:\/\/diarioregionaldigital.com.br\/index.php?rest_route=%2Fwp%2Fv2%2Fmedia&parent=162076"}],"wp:term":[{"taxonomy":"category","embeddable":true,"href":"https:\/\/diarioregionaldigital.com.br\/index.php?rest_route=%2Fwp%2Fv2%2Fcategories&post=162076"},{"taxonomy":"post_tag","embeddable":true,"href":"https:\/\/diarioregionaldigital.com.br\/index.php?rest_route=%2Fwp%2Fv2%2Ftags&post=162076"}],"curies":[{"name":"wp","href":"https:\/\/api.w.org\/{rel}","templated":true}]}}