{"id":162070,"date":"2020-06-10T06:00:45","date_gmt":"2020-06-10T09:00:45","guid":{"rendered":"https:\/\/diarioregionaldigital.com.br\/?p=162070"},"modified":"2020-06-10T00:07:41","modified_gmt":"2020-06-10T03:07:41","slug":"criatividade","status":"publish","type":"post","link":"https:\/\/diarioregionaldigital.com.br\/?p=162070","title":{"rendered":"Criatividade"},"content":{"rendered":"<p style=\"text-align: center;\"><strong>Funasa<\/strong><\/p>\n<p style=\"text-align: center;\">Din\u00e2mico e atuante, o ex-comandante-geral da Pol\u00edcia Militar de Minas Gerais coronel Giovani Silva foi nomeado para a presid\u00eancia da Funda\u00e7\u00e3o da Sa\u00fade. O coronel foi indicado pelo Centr\u00e3o. A portaria foi assinada pelo ministro-chefe da Casa Civil, general Braga Netto.<\/p>\n<p style=\"text-align: center;\"><strong>Criatividade <\/strong><\/p>\n<p style=\"text-align: center;\">Usando criatividade em \u00e9poca de pandemia, o empres\u00e1rio Wagner Nepomuceno est\u00e1 reinventando seus neg\u00f3cios \u00e0 frente da Gr\u00e1fica Am\u00e9rica. Em seu espa\u00e7o, est\u00e1 produzindo \u2018totens\u2019 personalizados, com reservat\u00f3rio de \u00e1lcool em gel.<\/p>\n<p style=\"text-align: center;\"><strong>Casa Chic<\/strong><\/p>\n<p style=\"text-align: center;\">A elegante presidente do Clube S\u00edrio e liban\u00eas, Mounira Haddad Rahme est\u00e1 comemorando os 90 anos da Casa Chic em Juiz de Fora. Localizada na parte baixa da Rua Marechal Deodoro, a loja ampliou sua linha de tecido incluindo os mais sofisticados lan\u00e7amentos do mundo da moda, al\u00e9m de manter a variada linha de tecidos bordados para o carnaval.<\/p>\n<p style=\"text-align: center;\"><strong>Efeito Pandemia<\/strong><\/p>\n<p style=\"text-align: center;\">A crise do Coronav\u00edrus chegou aos c\u00e9us. Pelas contas das companhias a\u00e9reas, se a poltrona do meio n\u00e3o puder ser mais vendida por causa do Coronav\u00edrus, o pre\u00e7o das passagens subiria em m\u00e9dia 50%.<\/p>\n<p style=\"text-align: center;\"><span style=\"font-size: 14pt;\"><strong>Para Refletir<\/strong><\/span><\/p>\n<p style=\"text-align: center;\">Para minha paz interior sempre penso que os momentos s\u00e3o de transi\u00e7\u00e3o. Um velho mundo se vai. Outro come\u00e7a a ser constru\u00eddo Participe da mudan\u00e7a e reconstrua-se.<\/p>\n<div id=\"attachment_162056\" style=\"width: 690px\" class=\"wp-caption aligncenter\"><img loading=\"lazy\" decoding=\"async\" aria-describedby=\"caption-attachment-162056\" class=\"wp-image-162056\" src=\"https:\/\/diarioregionaldigital.com.br\/wp-content\/uploads\/2020\/06\/fotoa-4-e1591757251114.jpg\" alt=\"\" width=\"680\" height=\"492\" srcset=\"https:\/\/diarioregionaldigital.com.br\/wp-content\/uploads\/2020\/06\/fotoa-4-e1591757251114.jpg 763w, https:\/\/diarioregionaldigital.com.br\/wp-content\/uploads\/2020\/06\/fotoa-4-e1591757251114-300x217.jpg 300w, https:\/\/diarioregionaldigital.com.br\/wp-content\/uploads\/2020\/06\/fotoa-4-e1591757251114-360x260.jpg 360w\" sizes=\"auto, (max-width: 680px) 100vw, 680px\" \/><p id=\"caption-attachment-162056\" class=\"wp-caption-text\">Os arquitetos Luiz Duque e Rodrigo B\u00edssoli com a locomotiva do eixo JFX S\u00e3o Paulo Myrliane Le\u00e3o<\/p><\/div>\n<div id=\"attachment_162057\" style=\"width: 690px\" class=\"wp-caption aligncenter\"><img loading=\"lazy\" decoding=\"async\" aria-describedby=\"caption-attachment-162057\" class=\"wp-image-162057\" src=\"https:\/\/diarioregionaldigital.com.br\/wp-content\/uploads\/2020\/06\/fotob-5-e1591757316720.jpg\" alt=\"\" width=\"680\" height=\"569\" srcset=\"https:\/\/diarioregionaldigital.com.br\/wp-content\/uploads\/2020\/06\/fotob-5-e1591757316720.jpg 1075w, https:\/\/diarioregionaldigital.com.br\/wp-content\/uploads\/2020\/06\/fotob-5-e1591757316720-300x251.jpg 300w, https:\/\/diarioregionaldigital.com.br\/wp-content\/uploads\/2020\/06\/fotob-5-e1591757316720-1024x857.jpg 1024w, https:\/\/diarioregionaldigital.com.br\/wp-content\/uploads\/2020\/06\/fotob-5-e1591757316720-768x643.jpg 768w, https:\/\/diarioregionaldigital.com.br\/wp-content\/uploads\/2020\/06\/fotob-5-e1591757316720-360x301.jpg 360w\" sizes=\"auto, (max-width: 680px) 100vw, 680px\" \/><p id=\"caption-attachment-162057\" class=\"wp-caption-text\">A bel\u00edssima N\u00e1dia Justi, em deslumbrante maquiagem by Marjorie Campos<\/p><\/div>\n<div id=\"attachment_162058\" style=\"width: 690px\" class=\"wp-caption aligncenter\"><img loading=\"lazy\" decoding=\"async\" aria-describedby=\"caption-attachment-162058\" class=\"wp-image-162058\" src=\"https:\/\/diarioregionaldigital.com.br\/wp-content\/uploads\/2020\/06\/fotoc-4-e1591757347520.jpg\" alt=\"\" width=\"680\" height=\"549\" srcset=\"https:\/\/diarioregionaldigital.com.br\/wp-content\/uploads\/2020\/06\/fotoc-4-e1591757347520.jpg 945w, https:\/\/diarioregionaldigital.com.br\/wp-content\/uploads\/2020\/06\/fotoc-4-e1591757347520-300x242.jpg 300w, https:\/\/diarioregionaldigital.com.br\/wp-content\/uploads\/2020\/06\/fotoc-4-e1591757347520-768x620.jpg 768w, https:\/\/diarioregionaldigital.com.br\/wp-content\/uploads\/2020\/06\/fotoc-4-e1591757347520-360x291.jpg 360w\" sizes=\"auto, (max-width: 680px) 100vw, 680px\" \/><p id=\"caption-attachment-162058\" class=\"wp-caption-text\">Um close na quarentena, no belo Emerson Moreira<\/p><\/div>\n<div id=\"attachment_162059\" style=\"width: 690px\" class=\"wp-caption aligncenter\"><img loading=\"lazy\" decoding=\"async\" aria-describedby=\"caption-attachment-162059\" class=\"wp-image-162059\" src=\"https:\/\/diarioregionaldigital.com.br\/wp-content\/uploads\/2020\/06\/fotod-4-e1591757397179.jpg\" alt=\"\" width=\"680\" height=\"505\" srcset=\"https:\/\/diarioregionaldigital.com.br\/wp-content\/uploads\/2020\/06\/fotod-4-e1591757397179.jpg 636w, https:\/\/diarioregionaldigital.com.br\/wp-content\/uploads\/2020\/06\/fotod-4-e1591757397179-300x223.jpg 300w, https:\/\/diarioregionaldigital.com.br\/wp-content\/uploads\/2020\/06\/fotod-4-e1591757397179-360x267.jpg 360w\" sizes=\"auto, (max-width: 680px) 100vw, 680px\" \/><p id=\"caption-attachment-162059\" class=\"wp-caption-text\">Mulheres empoderadas antes da pandemia, Adriana Woichineviski Viscardi, Jana\u00edna Fonseca e Annaelise Fritz Machado<\/p><\/div>\n<div id=\"attachment_162060\" style=\"width: 690px\" class=\"wp-caption aligncenter\"><img loading=\"lazy\" decoding=\"async\" aria-describedby=\"caption-attachment-162060\" class=\"wp-image-162060\" src=\"https:\/\/diarioregionaldigital.com.br\/wp-content\/uploads\/2020\/06\/fotoe-6-e1591757678674.jpg\" alt=\"\" width=\"680\" height=\"485\" srcset=\"https:\/\/diarioregionaldigital.com.br\/wp-content\/uploads\/2020\/06\/fotoe-6-e1591757678674.jpg 1066w, https:\/\/diarioregionaldigital.com.br\/wp-content\/uploads\/2020\/06\/fotoe-6-e1591757678674-300x214.jpg 300w, https:\/\/diarioregionaldigital.com.br\/wp-content\/uploads\/2020\/06\/fotoe-6-e1591757678674-1024x731.jpg 1024w, https:\/\/diarioregionaldigital.com.br\/wp-content\/uploads\/2020\/06\/fotoe-6-e1591757678674-768x548.jpg 768w, https:\/\/diarioregionaldigital.com.br\/wp-content\/uploads\/2020\/06\/fotoe-6-e1591757678674-360x257.jpg 360w, https:\/\/diarioregionaldigital.com.br\/wp-content\/uploads\/2020\/06\/fotoe-6-e1591757678674-100x70.jpg 100w\" sizes=\"auto, (max-width: 680px) 100vw, 680px\" \/><p id=\"caption-attachment-162060\" class=\"wp-caption-text\">Distribuindo m\u00e1scaras, os solid\u00e1rios: Thiago Amorim e Renato Preste<\/p><\/div>\n<div id=\"attachment_162061\" style=\"width: 690px\" class=\"wp-caption aligncenter\"><img loading=\"lazy\" decoding=\"async\" aria-describedby=\"caption-attachment-162061\" class=\"wp-image-162061\" src=\"https:\/\/diarioregionaldigital.com.br\/wp-content\/uploads\/2020\/06\/fotof-6-e1591757716287.jpg\" alt=\"\" width=\"680\" height=\"520\" srcset=\"https:\/\/diarioregionaldigital.com.br\/wp-content\/uploads\/2020\/06\/fotof-6-e1591757716287.jpg 950w, https:\/\/diarioregionaldigital.com.br\/wp-content\/uploads\/2020\/06\/fotof-6-e1591757716287-300x230.jpg 300w, https:\/\/diarioregionaldigital.com.br\/wp-content\/uploads\/2020\/06\/fotof-6-e1591757716287-768x588.jpg 768w, https:\/\/diarioregionaldigital.com.br\/wp-content\/uploads\/2020\/06\/fotof-6-e1591757716287-360x275.jpg 360w\" sizes=\"auto, (max-width: 680px) 100vw, 680px\" \/><p id=\"caption-attachment-162061\" class=\"wp-caption-text\">Tudo pelo Tupi F.C com o jornalista Kiko Halfeld<\/p><\/div>\n<div id=\"attachment_162062\" style=\"width: 690px\" class=\"wp-caption aligncenter\"><img loading=\"lazy\" decoding=\"async\" aria-describedby=\"caption-attachment-162062\" class=\"wp-image-162062\" src=\"https:\/\/diarioregionaldigital.com.br\/wp-content\/uploads\/2020\/06\/fotog-6-e1591757750914.jpg\" alt=\"\" width=\"680\" height=\"526\" srcset=\"https:\/\/diarioregionaldigital.com.br\/wp-content\/uploads\/2020\/06\/fotog-6-e1591757750914.jpg 631w, https:\/\/diarioregionaldigital.com.br\/wp-content\/uploads\/2020\/06\/fotog-6-e1591757750914-300x232.jpg 300w, https:\/\/diarioregionaldigital.com.br\/wp-content\/uploads\/2020\/06\/fotog-6-e1591757750914-360x278.jpg 360w\" sizes=\"auto, (max-width: 680px) 100vw, 680px\" \/><p id=\"caption-attachment-162062\" class=\"wp-caption-text\">Abra\u00e7os e sintonia antes da Covid-19, com Oct\u00e1vio Fagundes e Paula Miranda<\/p><\/div>\n<div id=\"attachment_162063\" style=\"width: 690px\" class=\"wp-caption aligncenter\"><img loading=\"lazy\" decoding=\"async\" aria-describedby=\"caption-attachment-162063\" class=\"wp-image-162063\" src=\"https:\/\/diarioregionaldigital.com.br\/wp-content\/uploads\/2020\/06\/fotoh-6-e1591757776101.jpg\" alt=\"\" width=\"680\" height=\"518\" srcset=\"https:\/\/diarioregionaldigital.com.br\/wp-content\/uploads\/2020\/06\/fotoh-6-e1591757776101.jpg 495w, https:\/\/diarioregionaldigital.com.br\/wp-content\/uploads\/2020\/06\/fotoh-6-e1591757776101-300x228.jpg 300w, https:\/\/diarioregionaldigital.com.br\/wp-content\/uploads\/2020\/06\/fotoh-6-e1591757776101-360x274.jpg 360w\" sizes=\"auto, (max-width: 680px) 100vw, 680px\" \/><p id=\"caption-attachment-162063\" class=\"wp-caption-text\">Mulheres chiqu\u00e9rrimas antes da pandemia Ieda Ciampi e Ivete Gomes<\/p><\/div>\n<div id=\"attachment_162064\" style=\"width: 690px\" class=\"wp-caption aligncenter\"><img loading=\"lazy\" decoding=\"async\" aria-describedby=\"caption-attachment-162064\" class=\"wp-image-162064\" src=\"https:\/\/diarioregionaldigital.com.br\/wp-content\/uploads\/2020\/06\/fotoi-5-e1591757806737.jpg\" alt=\"\" width=\"680\" height=\"486\" srcset=\"https:\/\/diarioregionaldigital.com.br\/wp-content\/uploads\/2020\/06\/fotoi-5-e1591757806737.jpg 788w, https:\/\/diarioregionaldigital.com.br\/wp-content\/uploads\/2020\/06\/fotoi-5-e1591757806737-300x214.jpg 300w, https:\/\/diarioregionaldigital.com.br\/wp-content\/uploads\/2020\/06\/fotoi-5-e1591757806737-768x549.jpg 768w, https:\/\/diarioregionaldigital.com.br\/wp-content\/uploads\/2020\/06\/fotoi-5-e1591757806737-360x257.jpg 360w, https:\/\/diarioregionaldigital.com.br\/wp-content\/uploads\/2020\/06\/fotoi-5-e1591757806737-100x70.jpg 100w\" sizes=\"auto, (max-width: 680px) 100vw, 680px\" \/><p id=\"caption-attachment-162064\" class=\"wp-caption-text\">Gente do samba na fam\u00edlia Cal\u00edchio: Paulo C\u00e9sar Rog\u00e9rio, Rodrigo e Wellington<\/p><\/div>\n<div id=\"attachment_162065\" style=\"width: 690px\" class=\"wp-caption aligncenter\"><img loading=\"lazy\" decoding=\"async\" aria-describedby=\"caption-attachment-162065\" class=\"wp-image-162065\" src=\"https:\/\/diarioregionaldigital.com.br\/wp-content\/uploads\/2020\/06\/fotoj-1-e1591757850929.jpg\" alt=\"\" width=\"680\" height=\"512\" srcset=\"https:\/\/diarioregionaldigital.com.br\/wp-content\/uploads\/2020\/06\/fotoj-1-e1591757850929.jpg 758w, https:\/\/diarioregionaldigital.com.br\/wp-content\/uploads\/2020\/06\/fotoj-1-e1591757850929-300x226.jpg 300w, https:\/\/diarioregionaldigital.com.br\/wp-content\/uploads\/2020\/06\/fotoj-1-e1591757850929-360x271.jpg 360w\" sizes=\"auto, (max-width: 680px) 100vw, 680px\" \/><p id=\"caption-attachment-162065\" class=\"wp-caption-text\">Brindando na casa nova no Rio com Jeycow Ferraz e Joelson Oliveira recebendo Vanessa Lima e Fl\u00e1vio Pinheiro<\/p><\/div>\n<p style=\"text-align: center;\"><strong>FOTOSS\u00cdNTESE<\/strong><\/p>\n<p>Juntando dinamismo e empreendedorismo a Inter Construtora est\u00e1 lan\u00e7ando um completo condom\u00ednio \u201c Upside Club\u201d, no bairro Cascatinha.<\/p>\n<p>Com den\u00fancia social na tela S\u00e9rgio Ricardo estreou seu novo filme em pleno confinamento social no ritmo de cinema fechado no You Tube. A pel\u00edcula \u201cBandeira de Retalhos\u201d. Palmas para o m\u00fasico, escritor e cineasta.<\/p>\n<p>Conjugando seus valores humanos no pret\u00e9rito perfeito o cantor Bruno Falc\u00e3o faz sucesso nas plataformas sociais com a m\u00fasica \u201cEla Vive em Mim\u201d.<\/p>\n<p>Rei da Cocada Preta, o chef juiz-forano F\u00e1bio Lessa do restaurante Mee do requintado Hotel Copacabana Palace no Rio e formado no curso de gastronomia do CES\/JF, ele espera a reabertura do hotel aos poucos a partir do fim de agosto.<\/p>\n<p>Para ficar em casa no isolamento social numa boa, a F\u00e1brica de Doces Brasil est\u00e1 com delivery de bolos tradicionais, biscoitos, minis salgadinhos e minis doces. Para encomendar: 98851-5596.<\/p>\n<p>Aten\u00e7\u00e3o: \u201cQuando isso tudo passar a gente se encontra numa mesa de bar\u201d (L\u00e9o Russo).<\/p>\n<p>O jovem empres\u00e1rio Marcelo Martins Fonseca avisa que alguns produtos est\u00e3o com 5% de desconto na loja de assist\u00eancia t\u00e9cnica e utilidades do lar Op\u00e7\u00e3o na rua: Batista de Oliveira, n\u00ba 403, fone: 991326938.<\/p>\n<p>Se destacando na feijoada de domingo no Restaurante Carpaccio no rio, os amigos Jeycow Ferraz e Joelson Oliveira.<\/p>\n<p>Arrepiou geral a live do cantor juiz-forano Wallace Ferrari com o tema Buteko Du Ferrari, no You Tube.<\/p>\n<p>Voc\u00ea viu por a\u00ed a Caixa de Pandora? Cartas para a reda\u00e7\u00e3o.<\/p>\n<p>Para compartilhar: o valor de uma pessoa \u00e9 visto quando ela ajuda os outros sabendo que vai receber nada em troca. Bom dia.<\/p>\n<p><img loading=\"lazy\" decoding=\"async\" class=\"aligncenter size-full wp-image-162071\" src=\"https:\/\/diarioregionaldigital.com.br\/wp-content\/uploads\/2020\/06\/anuncio46-scaled.jpg\" alt=\"\" width=\"2560\" height=\"976\" srcset=\"https:\/\/diarioregionaldigital.com.br\/wp-content\/uploads\/2020\/06\/anuncio46-scaled.jpg 2560w, https:\/\/diarioregionaldigital.com.br\/wp-content\/uploads\/2020\/06\/anuncio46-300x114.jpg 300w, https:\/\/diarioregionaldigital.com.br\/wp-content\/uploads\/2020\/06\/anuncio46-1024x391.jpg 1024w, https:\/\/diarioregionaldigital.com.br\/wp-content\/uploads\/2020\/06\/anuncio46-768x293.jpg 768w, https:\/\/diarioregionaldigital.com.br\/wp-content\/uploads\/2020\/06\/anuncio46-1536x586.jpg 1536w, https:\/\/diarioregionaldigital.com.br\/wp-content\/uploads\/2020\/06\/anuncio46-2048x781.jpg 2048w, https:\/\/diarioregionaldigital.com.br\/wp-content\/uploads\/2020\/06\/anuncio46-360x137.jpg 360w\" sizes=\"auto, (max-width: 2560px) 100vw, 2560px\" \/><\/p>\n","protected":false},"excerpt":{"rendered":"<p>Funasa Din\u00e2mico e atuante, o ex-comandante-geral da Pol\u00edcia Militar de Minas Gerais coronel Giovani Silva foi nomeado para a presid\u00eancia da Funda\u00e7\u00e3o da Sa\u00fade. O coronel foi indicado pelo Centr\u00e3o. A portaria foi assinada pelo ministro-chefe da Casa Civil, general Braga Netto. Criatividade Usando criatividade em \u00e9poca de pandemia, o empres\u00e1rio Wagner Nepomuceno est\u00e1 reinventando [&hellip;]<\/p>\n","protected":false},"author":96,"featured_media":162056,"comment_status":"closed","ping_status":"closed","sticky":false,"template":"","format":"standard","meta":{"footnotes":""},"categories":[264],"tags":[],"class_list":["post-162070","post","type-post","status-publish","format-standard","has-post-thumbnail","hentry","category-eduardo-gomes"],"_links":{"self":[{"href":"https:\/\/diarioregionaldigital.com.br\/index.php?rest_route=\/wp\/v2\/posts\/162070","targetHints":{"allow":["GET"]}}],"collection":[{"href":"https:\/\/diarioregionaldigital.com.br\/index.php?rest_route=\/wp\/v2\/posts"}],"about":[{"href":"https:\/\/diarioregionaldigital.com.br\/index.php?rest_route=\/wp\/v2\/types\/post"}],"author":[{"embeddable":true,"href":"https:\/\/diarioregionaldigital.com.br\/index.php?rest_route=\/wp\/v2\/users\/96"}],"replies":[{"embeddable":true,"href":"https:\/\/diarioregionaldigital.com.br\/index.php?rest_route=%2Fwp%2Fv2%2Fcomments&post=162070"}],"version-history":[{"count":0,"href":"https:\/\/diarioregionaldigital.com.br\/index.php?rest_route=\/wp\/v2\/posts\/162070\/revisions"}],"wp:featuredmedia":[{"embeddable":true,"href":"https:\/\/diarioregionaldigital.com.br\/index.php?rest_route=\/wp\/v2\/media\/162056"}],"wp:attachment":[{"href":"https:\/\/diarioregionaldigital.com.br\/index.php?rest_route=%2Fwp%2Fv2%2Fmedia&parent=162070"}],"wp:term":[{"taxonomy":"category","embeddable":true,"href":"https:\/\/diarioregionaldigital.com.br\/index.php?rest_route=%2Fwp%2Fv2%2Fcategories&post=162070"},{"taxonomy":"post_tag","embeddable":true,"href":"https:\/\/diarioregionaldigital.com.br\/index.php?rest_route=%2Fwp%2Fv2%2Ftags&post=162070"}],"curies":[{"name":"wp","href":"https:\/\/api.w.org\/{rel}","templated":true}]}}