{"id":162066,"date":"2020-06-09T21:16:27","date_gmt":"2020-06-10T00:16:27","guid":{"rendered":"https:\/\/diarioregionaldigital.com.br\/?p=162066"},"modified":"2020-06-09T21:16:27","modified_gmt":"2020-06-10T00:16:27","slug":"brasil-tem-mais-12-mil-mortes-e-32-mil-casos-confirmados-de-covid-19","status":"publish","type":"post","link":"https:\/\/diarioregionaldigital.com.br\/?p=162066","title":{"rendered":"Brasil tem mais 1,2 mil mortes e 32 mil casos confirmados de covid-19"},"content":{"rendered":"<p>Balan\u00e7o do Minist\u00e9rio da Sa\u00fade divulgado nesta ter\u00e7a-feira (9) aponta\u00a01.272 novas mortes e 32.091 novos casos de covid-19 nas \u00faltimas 24 horas. Com esses acr\u00e9scimos \u00e0s estat\u00edsticas, o pa\u00eds chegou a 38.406 \u00f3bitos em fun\u00e7\u00e3o da pandemia do novo coronav\u00edrus e 739.503 pessoas infectadas.<img decoding=\"async\" src=\"https:\/\/agenciabrasil.ebc.com.br\/ebc.png?id=1309214&amp;o=node\" \/><\/p>\n<p>O balan\u00e7o traz um aumento de 4,5% no n\u00famero de casos em rela\u00e7\u00e3o a\u00a0ontem (8), quando o total estava em 707.412. J\u00e1 as mortes aumentaram 2,4% em compara\u00e7\u00e3o com o dado de segunda-feira, quando foram contabilizadas 37.134.<\/p>\n<p>A taxa de letalidade (n\u00famero de mortes pela quantidade de casos confirmados) ficou em 5,19%. A taxa de mortalidade (falecimentos por 100.000 habitantes) foi de 18,3. E a taxa de incid\u00eancia (casos confirmados por 100.000 habitantes) correspondeu a 351,9.<\/p>\n<p>De acordo com o Minist\u00e9rio da Sa\u00fade, 311.064 pacientes foram recuperados e\u00a0390.033 est\u00e3o em acompanhamento.<\/p>\n<p>Os estados com maior n\u00famero de \u00f3bitos s\u00e3o S\u00e3o Paulo (9.522), Rio\u00a0de Janeiro\u00a0(6.928), Cear\u00e1 (4.309), Par\u00e1 (3.853) e Pernambuco (3.453). Tamb\u00e9m apresentam altos \u00edndices de mortes em fun\u00e7\u00e3o da pandemia Amazonas (2.315), Maranh\u00e3o (1.285), Bahia (937), Esp\u00edrito Santo (904), Alagoas (640) e Minas Gerais (399).<\/p>\n<p>Os estados com mais casos confirmados de covid-19 s\u00e3o S\u00e3o Paulo (150.138), Rio\u00a0de Janeiro\u00a0(72.979), Cear\u00e1 (68.384), Par\u00e1 (59.148) e Maranh\u00e3o (52.069).<\/p>\n<p>Os dados divulgados pelo\u00a0Conselho Nacional de Secretarias Estaduais de Sa\u00fade (Conass) coincidem com informa\u00e7\u00f5es\u00a0apresentadas pelo Minist\u00e9rio da Sa\u00fade.<\/p>\n<p><strong>Nova base de dados<\/strong><\/p>\n<p>O balan\u00e7o do conselho (batizado de Painel Conass) foi\u00a0criado no fim de semana ap\u00f3s o Minist\u00e9rio da Sa\u00fade mudar a din\u00e2mica de divulga\u00e7\u00e3o\u00a0dos dados sobre a pandemia. At\u00e9 a semana passada, o Minist\u00e9rio da Sa\u00fade\u00a0consolidava os dados das secretarias estaduais no in\u00edcio da noite.<\/p>\n<p>A pasta passou a divulgar o balan\u00e7o cada vez mais tarde (por volta de 22h) e parou de informar o total de casos. Ontem foi apresentado o\u00a0novo m\u00e9todo de anunciar a consolida\u00e7\u00e3o. As mudan\u00e7as foram objeto de\u00a0questionamento do Minist\u00e9rio P\u00fablico Federal.<\/p>\n<p>Ontem, secret\u00e1rios do Minist\u00e9rio da Sa\u00fade apresentaram em linhas gerais como devem ser os novos balan\u00e7os di\u00e1rios do \u00f3rg\u00e3o, privilegiando as mortes por covid-19 em fun\u00e7\u00e3o da data de ocorr\u00eancia.\u00a0Hoje\u00a0o ministro interino da Sa\u00fade, Eduardo Pazuello, participou de audi\u00eancia na C\u00e2mara dos Deputados sobre o tema, onde\u00a0respondeu a questionamentos de parlamentares<\/p>\n<p><strong>Fonte:\u00a0<\/strong>Ag\u00eancia Brasil<\/p>\n","protected":false},"excerpt":{"rendered":"<p>Balan\u00e7o do Minist\u00e9rio da Sa\u00fade divulgado nesta ter\u00e7a-feira (9) aponta\u00a01.272 novas mortes e 32.091 novos casos de covid-19 nas \u00faltimas 24 horas. Com esses acr\u00e9scimos \u00e0s estat\u00edsticas, o pa\u00eds chegou a 38.406 \u00f3bitos em fun\u00e7\u00e3o da pandemia do novo coronav\u00edrus e 739.503 pessoas infectadas. O balan\u00e7o traz um aumento de 4,5% no n\u00famero de casos [&hellip;]<\/p>\n","protected":false},"author":96,"featured_media":162067,"comment_status":"closed","ping_status":"closed","sticky":false,"template":"","format":"standard","meta":{"footnotes":""},"categories":[302,436,440,439],"tags":[],"class_list":["post-162066","post","type-post","status-publish","format-standard","has-post-thumbnail","hentry","category-brasil-mundo","category-destaque-da-semana","category-destaques-do-dia","category-ultima-hora"],"_links":{"self":[{"href":"https:\/\/diarioregionaldigital.com.br\/index.php?rest_route=\/wp\/v2\/posts\/162066","targetHints":{"allow":["GET"]}}],"collection":[{"href":"https:\/\/diarioregionaldigital.com.br\/index.php?rest_route=\/wp\/v2\/posts"}],"about":[{"href":"https:\/\/diarioregionaldigital.com.br\/index.php?rest_route=\/wp\/v2\/types\/post"}],"author":[{"embeddable":true,"href":"https:\/\/diarioregionaldigital.com.br\/index.php?rest_route=\/wp\/v2\/users\/96"}],"replies":[{"embeddable":true,"href":"https:\/\/diarioregionaldigital.com.br\/index.php?rest_route=%2Fwp%2Fv2%2Fcomments&post=162066"}],"version-history":[{"count":0,"href":"https:\/\/diarioregionaldigital.com.br\/index.php?rest_route=\/wp\/v2\/posts\/162066\/revisions"}],"wp:featuredmedia":[{"embeddable":true,"href":"https:\/\/diarioregionaldigital.com.br\/index.php?rest_route=\/wp\/v2\/media\/162067"}],"wp:attachment":[{"href":"https:\/\/diarioregionaldigital.com.br\/index.php?rest_route=%2Fwp%2Fv2%2Fmedia&parent=162066"}],"wp:term":[{"taxonomy":"category","embeddable":true,"href":"https:\/\/diarioregionaldigital.com.br\/index.php?rest_route=%2Fwp%2Fv2%2Fcategories&post=162066"},{"taxonomy":"post_tag","embeddable":true,"href":"https:\/\/diarioregionaldigital.com.br\/index.php?rest_route=%2Fwp%2Fv2%2Ftags&post=162066"}],"curies":[{"name":"wp","href":"https:\/\/api.w.org\/{rel}","templated":true}]}}