{"id":162053,"date":"2020-06-09T18:15:49","date_gmt":"2020-06-09T21:15:49","guid":{"rendered":"https:\/\/diarioregionaldigital.com.br\/?p=162053"},"modified":"2020-06-09T18:15:49","modified_gmt":"2020-06-09T21:15:49","slug":"coronavirus-juiz-de-fora-nao-registra-morte-em-boletim-da-pjf","status":"publish","type":"post","link":"https:\/\/diarioregionaldigital.com.br\/?p=162053","title":{"rendered":"Coronav\u00edrus: Juiz de Fora n\u00e3o registra morte em boletim da PJF"},"content":{"rendered":"<p>Pelo sexto dia consecutivo, a Secretaria de Sa\u00fade (SS) da Prefeitura de Juiz de Fora (PJF), n\u00e3o registrou mortes confirmadas por Coronav\u00edrus no munic\u00edpio. Segundo o boletim divulgado hoje (9), houve aumento de mais 45 casos de pessoas infectadas, totalizando 795 confirmados. O Boletim Epidemiol\u00f3gico tamb\u00e9m registrou 165 novas suspeitas, contabilizando 5.515.<\/p>\n","protected":false},"excerpt":{"rendered":"<p>Pelo sexto dia consecutivo, a Secretaria de Sa\u00fade (SS) da Prefeitura de Juiz de Fora (PJF), n\u00e3o registrou mortes confirmadas por Coronav\u00edrus no munic\u00edpio. Segundo o boletim divulgado hoje (9), houve aumento de mais 45 casos de pessoas infectadas, totalizando 795 confirmados. O Boletim Epidemiol\u00f3gico tamb\u00e9m registrou 165 novas suspeitas, contabilizando 5.515.<\/p>\n","protected":false},"author":96,"featured_media":161651,"comment_status":"closed","ping_status":"closed","sticky":false,"template":"","format":"standard","meta":{"footnotes":""},"categories":[253,436,440,439],"tags":[],"class_list":["post-162053","post","type-post","status-publish","format-standard","has-post-thumbnail","hentry","category-cidade","category-destaque-da-semana","category-destaques-do-dia","category-ultima-hora"],"_links":{"self":[{"href":"https:\/\/diarioregionaldigital.com.br\/index.php?rest_route=\/wp\/v2\/posts\/162053","targetHints":{"allow":["GET"]}}],"collection":[{"href":"https:\/\/diarioregionaldigital.com.br\/index.php?rest_route=\/wp\/v2\/posts"}],"about":[{"href":"https:\/\/diarioregionaldigital.com.br\/index.php?rest_route=\/wp\/v2\/types\/post"}],"author":[{"embeddable":true,"href":"https:\/\/diarioregionaldigital.com.br\/index.php?rest_route=\/wp\/v2\/users\/96"}],"replies":[{"embeddable":true,"href":"https:\/\/diarioregionaldigital.com.br\/index.php?rest_route=%2Fwp%2Fv2%2Fcomments&post=162053"}],"version-history":[{"count":0,"href":"https:\/\/diarioregionaldigital.com.br\/index.php?rest_route=\/wp\/v2\/posts\/162053\/revisions"}],"wp:featuredmedia":[{"embeddable":true,"href":"https:\/\/diarioregionaldigital.com.br\/index.php?rest_route=\/wp\/v2\/media\/161651"}],"wp:attachment":[{"href":"https:\/\/diarioregionaldigital.com.br\/index.php?rest_route=%2Fwp%2Fv2%2Fmedia&parent=162053"}],"wp:term":[{"taxonomy":"category","embeddable":true,"href":"https:\/\/diarioregionaldigital.com.br\/index.php?rest_route=%2Fwp%2Fv2%2Fcategories&post=162053"},{"taxonomy":"post_tag","embeddable":true,"href":"https:\/\/diarioregionaldigital.com.br\/index.php?rest_route=%2Fwp%2Fv2%2Ftags&post=162053"}],"curies":[{"name":"wp","href":"https:\/\/api.w.org\/{rel}","templated":true}]}}