{"id":162051,"date":"2020-06-09T18:10:10","date_gmt":"2020-06-09T21:10:10","guid":{"rendered":"https:\/\/diarioregionaldigital.com.br\/?p=162051"},"modified":"2020-06-09T18:10:10","modified_gmt":"2020-06-09T21:10:10","slug":"pcmg-recupera-joias-e-semi-joias-oriundas-de-furto","status":"publish","type":"post","link":"https:\/\/diarioregionaldigital.com.br\/?p=162051","title":{"rendered":"PCMG recupera joias e semi-joias oriundas de furto"},"content":{"rendered":"<p>A Pol\u00edcia Civil de Minas Gerais (PCMG), durante opera\u00e7\u00e3o deflagrada nesta ter\u00e7a-feira (9), recuperou joias e semi-joias, oriundas de furto ocorrido no dia 24 de fevereiro em uma resid\u00eancia no Bairro Nova Calif\u00f3rnia (Regi\u00e3o Oeste) em Juiz de Fora. Naquela ocasi\u00e3o, foram roubados cerca de <span style=\"font-weight: 400;\">R$ 150 mil, bem como joias, avaliadas em aproximadamente, R$ 200 mil e outros pertences. Durante as dilig\u00eancias realizadas nesta manh\u00e3, parte do material foi localizado.<\/span><\/p>\n<p><span style=\"font-weight: 400;\">De acordo com o Delegado Luciano Vidal, ap\u00f3s investiga\u00e7\u00f5es realizadas pela 1\u00aa Delegacia, foi poss\u00edvel cumprir seis mandados de busca e apreens\u00e3o, na \u00e1rea central e na Zona Sudeste da cidade. \u201cV\u00e1rias pessoas j\u00e1 foram ouvidas no procedimento e a Pol\u00edcia Civil segue apurando os fatos\u201d, concluiu.<\/span><\/p>\n<p>&nbsp;<\/p>\n","protected":false},"excerpt":{"rendered":"<p>A Pol\u00edcia Civil de Minas Gerais (PCMG), durante opera\u00e7\u00e3o deflagrada nesta ter\u00e7a-feira (9), recuperou joias e semi-joias, oriundas de furto ocorrido no dia 24 de fevereiro em uma resid\u00eancia no Bairro Nova Calif\u00f3rnia (Regi\u00e3o Oeste) em Juiz de Fora. Naquela ocasi\u00e3o, foram roubados cerca de R$ 150 mil, bem como joias, avaliadas em aproximadamente, R$ [&hellip;]<\/p>\n","protected":false},"author":96,"featured_media":161269,"comment_status":"closed","ping_status":"closed","sticky":false,"template":"","format":"standard","meta":{"footnotes":""},"categories":[301,436,439],"tags":[],"class_list":["post-162051","post","type-post","status-publish","format-standard","has-post-thumbnail","hentry","category-artigos-policiais","category-destaque-da-semana","category-ultima-hora"],"_links":{"self":[{"href":"https:\/\/diarioregionaldigital.com.br\/index.php?rest_route=\/wp\/v2\/posts\/162051","targetHints":{"allow":["GET"]}}],"collection":[{"href":"https:\/\/diarioregionaldigital.com.br\/index.php?rest_route=\/wp\/v2\/posts"}],"about":[{"href":"https:\/\/diarioregionaldigital.com.br\/index.php?rest_route=\/wp\/v2\/types\/post"}],"author":[{"embeddable":true,"href":"https:\/\/diarioregionaldigital.com.br\/index.php?rest_route=\/wp\/v2\/users\/96"}],"replies":[{"embeddable":true,"href":"https:\/\/diarioregionaldigital.com.br\/index.php?rest_route=%2Fwp%2Fv2%2Fcomments&post=162051"}],"version-history":[{"count":0,"href":"https:\/\/diarioregionaldigital.com.br\/index.php?rest_route=\/wp\/v2\/posts\/162051\/revisions"}],"wp:featuredmedia":[{"embeddable":true,"href":"https:\/\/diarioregionaldigital.com.br\/index.php?rest_route=\/wp\/v2\/media\/161269"}],"wp:attachment":[{"href":"https:\/\/diarioregionaldigital.com.br\/index.php?rest_route=%2Fwp%2Fv2%2Fmedia&parent=162051"}],"wp:term":[{"taxonomy":"category","embeddable":true,"href":"https:\/\/diarioregionaldigital.com.br\/index.php?rest_route=%2Fwp%2Fv2%2Fcategories&post=162051"},{"taxonomy":"post_tag","embeddable":true,"href":"https:\/\/diarioregionaldigital.com.br\/index.php?rest_route=%2Fwp%2Fv2%2Ftags&post=162051"}],"curies":[{"name":"wp","href":"https:\/\/api.w.org\/{rel}","templated":true}]}}