{"id":162048,"date":"2020-06-09T18:04:22","date_gmt":"2020-06-09T21:04:22","guid":{"rendered":"https:\/\/diarioregionaldigital.com.br\/?p=162048"},"modified":"2020-06-09T18:04:22","modified_gmt":"2020-06-09T21:04:22","slug":"pm-encontra-materiais-relacionados-ao-trafico-em-residencia-no-igrejinha","status":"publish","type":"post","link":"https:\/\/diarioregionaldigital.com.br\/?p=162048","title":{"rendered":"PM encontra materiais relacionados ao tr\u00e1fico em resid\u00eancia no Igrejinha"},"content":{"rendered":"<p>Durante a Opera\u00e7\u00e3o Batida Policial, a Pol\u00edcia Militar (PM) recebeu den\u00fancias de moradores, sobre um indiv\u00edduo de 30 anos, que estaria armazenando drogas em sua resid\u00eancia no Bairro Igrejinha (Regi\u00e3o Noroeste) em Juiz de Fora. Com informa\u00e7\u00f5es em m\u00e3os, os policiais se deslocaram at\u00e9 o local e foram recebidos pela m\u00e3e do autor e logo em seguida liberou a entrada no im\u00f3vel. Ap\u00f3s buscas pelo local, foram encontrados 23 pedras de crack, nove pedras de coca\u00edna e R$37,00 em dinheiro. O autor foi preso em flagrante e conduzido para a Delegacia.<\/p>\n","protected":false},"excerpt":{"rendered":"<p>Durante a Opera\u00e7\u00e3o Batida Policial, a Pol\u00edcia Militar (PM) recebeu den\u00fancias de moradores, sobre um indiv\u00edduo de 30 anos, que estaria armazenando drogas em sua resid\u00eancia no Bairro Igrejinha (Regi\u00e3o Noroeste) em Juiz de Fora. Com informa\u00e7\u00f5es em m\u00e3os, os policiais se deslocaram at\u00e9 o local e foram recebidos pela m\u00e3e do autor e logo [&hellip;]<\/p>\n","protected":false},"author":96,"featured_media":162049,"comment_status":"closed","ping_status":"closed","sticky":false,"template":"","format":"standard","meta":{"footnotes":""},"categories":[301,436,439],"tags":[],"class_list":["post-162048","post","type-post","status-publish","format-standard","has-post-thumbnail","hentry","category-artigos-policiais","category-destaque-da-semana","category-ultima-hora"],"_links":{"self":[{"href":"https:\/\/diarioregionaldigital.com.br\/index.php?rest_route=\/wp\/v2\/posts\/162048","targetHints":{"allow":["GET"]}}],"collection":[{"href":"https:\/\/diarioregionaldigital.com.br\/index.php?rest_route=\/wp\/v2\/posts"}],"about":[{"href":"https:\/\/diarioregionaldigital.com.br\/index.php?rest_route=\/wp\/v2\/types\/post"}],"author":[{"embeddable":true,"href":"https:\/\/diarioregionaldigital.com.br\/index.php?rest_route=\/wp\/v2\/users\/96"}],"replies":[{"embeddable":true,"href":"https:\/\/diarioregionaldigital.com.br\/index.php?rest_route=%2Fwp%2Fv2%2Fcomments&post=162048"}],"version-history":[{"count":0,"href":"https:\/\/diarioregionaldigital.com.br\/index.php?rest_route=\/wp\/v2\/posts\/162048\/revisions"}],"wp:featuredmedia":[{"embeddable":true,"href":"https:\/\/diarioregionaldigital.com.br\/index.php?rest_route=\/wp\/v2\/media\/162049"}],"wp:attachment":[{"href":"https:\/\/diarioregionaldigital.com.br\/index.php?rest_route=%2Fwp%2Fv2%2Fmedia&parent=162048"}],"wp:term":[{"taxonomy":"category","embeddable":true,"href":"https:\/\/diarioregionaldigital.com.br\/index.php?rest_route=%2Fwp%2Fv2%2Fcategories&post=162048"},{"taxonomy":"post_tag","embeddable":true,"href":"https:\/\/diarioregionaldigital.com.br\/index.php?rest_route=%2Fwp%2Fv2%2Ftags&post=162048"}],"curies":[{"name":"wp","href":"https:\/\/api.w.org\/{rel}","templated":true}]}}