{"id":162045,"date":"2020-06-09T17:58:06","date_gmt":"2020-06-09T20:58:06","guid":{"rendered":"https:\/\/diarioregionaldigital.com.br\/?p=162045"},"modified":"2020-06-09T17:58:06","modified_gmt":"2020-06-09T20:58:06","slug":"feriado-de-quinta-feira-nao-tera-coleta-de-lixo-domiciliar","status":"publish","type":"post","link":"https:\/\/diarioregionaldigital.com.br\/?p=162045","title":{"rendered":"Feriado de quinta-feira n\u00e3o ter\u00e1 coleta de lixo domiciliar"},"content":{"rendered":"<p>O Departamento Municipal de Limpeza Urbana (Demlurb), da Prefeitura de Juiz de Fora (PJF), n\u00e3o realizar\u00e1 coleta de lixo domiciliar na quinta-feira, 11, feriado religioso dedicado ao \u201cCorpus Christi\u201d. Na sexta feira, 12, e no s\u00e1bado, 13, tamb\u00e9m feriado, dedicado a Santo Ant\u00f4nio, padroeiro da cidade, o trabalho ocorrer\u00e1 normalmente.<\/p>\n<p>Os ecopontos de recolhimento de entulho, na Rua Diva Garcia, Bairro Linhares, e em frente ao Est\u00e1dio Municipal, no S\u00e3o Pedro, e o ponto de recolhimento de pneus, na Rua Bartolomeu dos Santos, no S\u00e3o Dami\u00e3o, ficar\u00e3o fechados a partir de quinta-feira, 11, retornando com as atividades na segunda-feira, 15.<\/p>\n<p>O Canil Municipal continua fechado para visita\u00e7\u00e3o p\u00fablica, em cumprimento ao Decreto Municipal 13.894, com normas de preven\u00e7\u00e3o \u00e0 pandemia do coronav\u00edrus. O trabalho de recolhimento de animais debilitados ou em situa\u00e7\u00e3o de riscos em vias p\u00fablicas continua normalmente. O contato \u00e9 atrav\u00e9s do telefone 3690-3591, e o emergencial pelo 3690-3531.<\/p>\n<p><strong>Fonte:\u00a0<\/strong>Assessoria<\/p>\n","protected":false},"excerpt":{"rendered":"<p>O Departamento Municipal de Limpeza Urbana (Demlurb), da Prefeitura de Juiz de Fora (PJF), n\u00e3o realizar\u00e1 coleta de lixo domiciliar na quinta-feira, 11, feriado religioso dedicado ao \u201cCorpus Christi\u201d. Na sexta feira, 12, e no s\u00e1bado, 13, tamb\u00e9m feriado, dedicado a Santo Ant\u00f4nio, padroeiro da cidade, o trabalho ocorrer\u00e1 normalmente. Os ecopontos de recolhimento de [&hellip;]<\/p>\n","protected":false},"author":96,"featured_media":162046,"comment_status":"closed","ping_status":"closed","sticky":false,"template":"","format":"standard","meta":{"footnotes":""},"categories":[253,436,439],"tags":[],"class_list":["post-162045","post","type-post","status-publish","format-standard","has-post-thumbnail","hentry","category-cidade","category-destaque-da-semana","category-ultima-hora"],"_links":{"self":[{"href":"https:\/\/diarioregionaldigital.com.br\/index.php?rest_route=\/wp\/v2\/posts\/162045","targetHints":{"allow":["GET"]}}],"collection":[{"href":"https:\/\/diarioregionaldigital.com.br\/index.php?rest_route=\/wp\/v2\/posts"}],"about":[{"href":"https:\/\/diarioregionaldigital.com.br\/index.php?rest_route=\/wp\/v2\/types\/post"}],"author":[{"embeddable":true,"href":"https:\/\/diarioregionaldigital.com.br\/index.php?rest_route=\/wp\/v2\/users\/96"}],"replies":[{"embeddable":true,"href":"https:\/\/diarioregionaldigital.com.br\/index.php?rest_route=%2Fwp%2Fv2%2Fcomments&post=162045"}],"version-history":[{"count":0,"href":"https:\/\/diarioregionaldigital.com.br\/index.php?rest_route=\/wp\/v2\/posts\/162045\/revisions"}],"wp:featuredmedia":[{"embeddable":true,"href":"https:\/\/diarioregionaldigital.com.br\/index.php?rest_route=\/wp\/v2\/media\/162046"}],"wp:attachment":[{"href":"https:\/\/diarioregionaldigital.com.br\/index.php?rest_route=%2Fwp%2Fv2%2Fmedia&parent=162045"}],"wp:term":[{"taxonomy":"category","embeddable":true,"href":"https:\/\/diarioregionaldigital.com.br\/index.php?rest_route=%2Fwp%2Fv2%2Fcategories&post=162045"},{"taxonomy":"post_tag","embeddable":true,"href":"https:\/\/diarioregionaldigital.com.br\/index.php?rest_route=%2Fwp%2Fv2%2Ftags&post=162045"}],"curies":[{"name":"wp","href":"https:\/\/api.w.org\/{rel}","templated":true}]}}