{"id":162042,"date":"2020-06-09T17:56:51","date_gmt":"2020-06-09T20:56:51","guid":{"rendered":"https:\/\/diarioregionaldigital.com.br\/?p=162042"},"modified":"2020-06-09T17:56:51","modified_gmt":"2020-06-09T20:56:51","slug":"cesama-realiza-manutencao-em-adutora-do-bairro-sao-pedro-nesta-quarta-feira","status":"publish","type":"post","link":"https:\/\/diarioregionaldigital.com.br\/?p=162042","title":{"rendered":"Cesama realiza manuten\u00e7\u00e3o em adutora do Bairro S\u00e3o Pedro nesta quarta-feira"},"content":{"rendered":"<p>Nesta quarta-feira, 10, a Companhia de Saneamento Municipal (Cesama) realizar\u00e1 manuten\u00e7\u00e3o na adutora de \u00e1gua bruta do Bairro S\u00e3o Pedro, de 7 \u00e0s 17 horas. Para execu\u00e7\u00e3o do servi\u00e7o ser\u00e1 interrompida a opera\u00e7\u00e3o da adutora, o que comprometer\u00e1 o fornecimento de \u00e1gua nos seguintes bairros: S\u00e3o Lucas, S\u00e3o Marcos, Alto dos Pinheiros, Adolfo Vireque, Serro Azul, Morro do Cristo, Borboleta, Bosque Imperial, Jardim Imperial, Parque Imperial, Nossa Senhora de F\u00e1tima, Martelos, Tup\u00e3, Santana, Portal da Torre, Santos Dumont, Maril\u00e2ndia, Spina Ville, Bosque do Imperador, Alphaville, Cai\u00e7aras, Parque das \u00c1guas, Neo Residencial, Nova Germ\u00e2nia, Via do Sol e Colinas do Imperador.<\/p>\n<p>A companhia orienta para que a popula\u00e7\u00e3o mantenha o uso racional da \u00e1gua durante a execu\u00e7\u00e3o do servi\u00e7o. Assim que os trabalhos forem finalizados, a adutora entrar\u00e1 novamente em opera\u00e7\u00e3o. A previs\u00e3o \u00e9 de que o abastecimento seja totalmente regularizado at\u00e9 a noite desta quinta-feira, 11.<\/p>\n<p><strong>Fonte:\u00a0<\/strong>Assessoria<\/p>\n","protected":false},"excerpt":{"rendered":"<p>Nesta quarta-feira, 10, a Companhia de Saneamento Municipal (Cesama) realizar\u00e1 manuten\u00e7\u00e3o na adutora de \u00e1gua bruta do Bairro S\u00e3o Pedro, de 7 \u00e0s 17 horas. Para execu\u00e7\u00e3o do servi\u00e7o ser\u00e1 interrompida a opera\u00e7\u00e3o da adutora, o que comprometer\u00e1 o fornecimento de \u00e1gua nos seguintes bairros: S\u00e3o Lucas, S\u00e3o Marcos, Alto dos Pinheiros, Adolfo Vireque, Serro [&hellip;]<\/p>\n","protected":false},"author":96,"featured_media":162043,"comment_status":"closed","ping_status":"closed","sticky":false,"template":"","format":"standard","meta":{"footnotes":""},"categories":[253,436,439],"tags":[],"class_list":["post-162042","post","type-post","status-publish","format-standard","has-post-thumbnail","hentry","category-cidade","category-destaque-da-semana","category-ultima-hora"],"_links":{"self":[{"href":"https:\/\/diarioregionaldigital.com.br\/index.php?rest_route=\/wp\/v2\/posts\/162042","targetHints":{"allow":["GET"]}}],"collection":[{"href":"https:\/\/diarioregionaldigital.com.br\/index.php?rest_route=\/wp\/v2\/posts"}],"about":[{"href":"https:\/\/diarioregionaldigital.com.br\/index.php?rest_route=\/wp\/v2\/types\/post"}],"author":[{"embeddable":true,"href":"https:\/\/diarioregionaldigital.com.br\/index.php?rest_route=\/wp\/v2\/users\/96"}],"replies":[{"embeddable":true,"href":"https:\/\/diarioregionaldigital.com.br\/index.php?rest_route=%2Fwp%2Fv2%2Fcomments&post=162042"}],"version-history":[{"count":0,"href":"https:\/\/diarioregionaldigital.com.br\/index.php?rest_route=\/wp\/v2\/posts\/162042\/revisions"}],"wp:featuredmedia":[{"embeddable":true,"href":"https:\/\/diarioregionaldigital.com.br\/index.php?rest_route=\/wp\/v2\/media\/162043"}],"wp:attachment":[{"href":"https:\/\/diarioregionaldigital.com.br\/index.php?rest_route=%2Fwp%2Fv2%2Fmedia&parent=162042"}],"wp:term":[{"taxonomy":"category","embeddable":true,"href":"https:\/\/diarioregionaldigital.com.br\/index.php?rest_route=%2Fwp%2Fv2%2Fcategories&post=162042"},{"taxonomy":"post_tag","embeddable":true,"href":"https:\/\/diarioregionaldigital.com.br\/index.php?rest_route=%2Fwp%2Fv2%2Ftags&post=162042"}],"curies":[{"name":"wp","href":"https:\/\/api.w.org\/{rel}","templated":true}]}}