{"id":162039,"date":"2020-06-09T17:55:39","date_gmt":"2020-06-09T20:55:39","guid":{"rendered":"https:\/\/diarioregionaldigital.com.br\/?p=162039"},"modified":"2020-06-09T17:55:39","modified_gmt":"2020-06-09T20:55:39","slug":"pjf-entrega-mais-de-6-700-cartoes-vale-alimentacao-para-alunos-da-rede-municipal","status":"publish","type":"post","link":"https:\/\/diarioregionaldigital.com.br\/?p=162039","title":{"rendered":"PJF entrega mais de 6.700 cart\u00f5es \u201cVale Alimenta\u00e7\u00e3o\u201d para alunos da rede municipal"},"content":{"rendered":"<p>Balan\u00e7o da Secretaria de Educa\u00e7\u00e3o (SE) da Prefeitura de Juiz de Fora (PJF), realizado na segunda-feira, 8, apontou a entrega de 6.716 cart\u00f5es do \u201cPrograma Municipal de Distribui\u00e7\u00e3o de G\u00eaneros Aliment\u00edcios\u201d, em car\u00e1ter excepcional, devido \u00e0 pandemia do novo coronav\u00edrus (covid-19). O benef\u00edcio \u00e9 para alunos da rede municipal de ensino, das escolas e creches, inscritos no Cadastro \u00danico para Programas Sociais do Governo Federal (Cad\u00danico) e ativos do Bolsa Fam\u00edlia (PBF).<\/p>\n<p>Esse n\u00famero de cart\u00f5es entregues representa 85,4% do total de 7.864 fam\u00edlias beneficiadas, chegando a 12.497 alunos. O valor creditado \u00e9 de R$ 50 mensais por estudante, enquanto as atividades escolares estiverem suspensas. Os cr\u00e9ditos depositados ser\u00e3o de acordo com o n\u00famero de filhos matriculados na rede municipal de ensino, ainda que em escolas diferentes. O cart\u00e3o pode ser utilizado para aquisi\u00e7\u00e3o de g\u00eaneros aliment\u00edcios em toda a rede credenciada pela empresa Ticket, como mercados, supermercados, padarias e a\u00e7ougues, dentre outros.<\/p>\n<p><b>Entrega dos cart\u00f5es<\/b><\/p>\n<p>Os benefici\u00e1rios que t\u00eam direito ao cart\u00e3o e ainda n\u00e3o o adquiriram, devem entrar em contato com a SE, atrav\u00e9s dos telefones 3690-7342 ou 3690-8196, para agendar hor\u00e1rio de retirada, ou comparecer ao Centro de Forma\u00e7\u00e3o do Professor, na sede da secretaria: Avenida Get\u00falio Vargas, 200 \u2013 Centro, de segunda a sexta-feira, de 12 \u00e0s 17 horas.<\/p>\n<p>A orienta\u00e7\u00e3o para o recebimento \u00e9 de que apenas o titular do cart\u00e3o Bolsa Fam\u00edlia e respons\u00e1vel pelo(s) aluno(s) compare\u00e7a ao agendamento, usando m\u00e1scara.<\/p>\n<p><b>O cart\u00e3o<\/b><br \/>\nA iniciativa \u00e9 parceria entre as secretarias de Educa\u00e7\u00e3o, Desenvolvimento Social (SDS) e Desenvolvimento Econ\u00f4mico, Turismo e Agropecu\u00e1ria (Sedeta). A PJF tem contrato firmado com a empresa Ticket Servi\u00e7os, no valor global de R$ 1.969.840, aplicado diretamente nos cart\u00f5es dos benefici\u00e1rios, ao longo de tr\u00eas meses. Foi firmada, tamb\u00e9m, parceria com a empresa App M\u00e1ster, que disponibilizou gratuitamente o site do programa jf.e-beneficio.com, para presta\u00e7\u00e3o de contas dos usu\u00e1rios.<\/p>\n<p>Informa\u00e7\u00f5es sobre presta\u00e7\u00e3o de contas, g\u00eaneros aliment\u00edcios permitidos para compra e outras d\u00favidas poder\u00e3o ser esclarecidas atrav\u00e9s da p\u00e1gina da SE (pjf.mg.gov.br\/secretarias\/se\/vale_alimentacao.php) ou nos telefones 3690-7681 ou 2104-8177 (Sedeta).<\/p>\n<p><strong>Fonte:\u00a0<\/strong>Assessoria<\/p>\n","protected":false},"excerpt":{"rendered":"<p>Balan\u00e7o da Secretaria de Educa\u00e7\u00e3o (SE) da Prefeitura de Juiz de Fora (PJF), realizado na segunda-feira, 8, apontou a entrega de 6.716 cart\u00f5es do \u201cPrograma Municipal de Distribui\u00e7\u00e3o de G\u00eaneros Aliment\u00edcios\u201d, em car\u00e1ter excepcional, devido \u00e0 pandemia do novo coronav\u00edrus (covid-19). O benef\u00edcio \u00e9 para alunos da rede municipal de ensino, das escolas e creches, [&hellip;]<\/p>\n","protected":false},"author":96,"featured_media":162040,"comment_status":"closed","ping_status":"closed","sticky":false,"template":"","format":"standard","meta":{"footnotes":""},"categories":[253,436,439],"tags":[],"class_list":["post-162039","post","type-post","status-publish","format-standard","has-post-thumbnail","hentry","category-cidade","category-destaque-da-semana","category-ultima-hora"],"_links":{"self":[{"href":"https:\/\/diarioregionaldigital.com.br\/index.php?rest_route=\/wp\/v2\/posts\/162039","targetHints":{"allow":["GET"]}}],"collection":[{"href":"https:\/\/diarioregionaldigital.com.br\/index.php?rest_route=\/wp\/v2\/posts"}],"about":[{"href":"https:\/\/diarioregionaldigital.com.br\/index.php?rest_route=\/wp\/v2\/types\/post"}],"author":[{"embeddable":true,"href":"https:\/\/diarioregionaldigital.com.br\/index.php?rest_route=\/wp\/v2\/users\/96"}],"replies":[{"embeddable":true,"href":"https:\/\/diarioregionaldigital.com.br\/index.php?rest_route=%2Fwp%2Fv2%2Fcomments&post=162039"}],"version-history":[{"count":0,"href":"https:\/\/diarioregionaldigital.com.br\/index.php?rest_route=\/wp\/v2\/posts\/162039\/revisions"}],"wp:featuredmedia":[{"embeddable":true,"href":"https:\/\/diarioregionaldigital.com.br\/index.php?rest_route=\/wp\/v2\/media\/162040"}],"wp:attachment":[{"href":"https:\/\/diarioregionaldigital.com.br\/index.php?rest_route=%2Fwp%2Fv2%2Fmedia&parent=162039"}],"wp:term":[{"taxonomy":"category","embeddable":true,"href":"https:\/\/diarioregionaldigital.com.br\/index.php?rest_route=%2Fwp%2Fv2%2Fcategories&post=162039"},{"taxonomy":"post_tag","embeddable":true,"href":"https:\/\/diarioregionaldigital.com.br\/index.php?rest_route=%2Fwp%2Fv2%2Ftags&post=162039"}],"curies":[{"name":"wp","href":"https:\/\/api.w.org\/{rel}","templated":true}]}}