{"id":162036,"date":"2020-06-09T17:53:10","date_gmt":"2020-06-09T20:53:10","guid":{"rendered":"https:\/\/diarioregionaldigital.com.br\/?p=162036"},"modified":"2020-06-09T17:53:10","modified_gmt":"2020-06-09T20:53:10","slug":"laboratorio-de-propulsao-hibrido-eletrica-esta-finalizado","status":"publish","type":"post","link":"https:\/\/diarioregionaldigital.com.br\/?p=162036","title":{"rendered":"Laborat\u00f3rio de Propuls\u00e3o H\u00edbrido-El\u00e9trica est\u00e1 finalizado"},"content":{"rendered":"<p>Est\u00e1 finalizada a constru\u00e7\u00e3o do Laborat\u00f3rio de Propuls\u00e3o H\u00edbrido-El\u00e9trica (Laphe), fruto da parceria entre a Universidade Federal de Juiz de Fora (UFJF), a Embraer S\/A e a Funda\u00e7\u00e3o de Amparo \u00e0 Pesquisa do Estado de Minas Gerais (Fapemig). Trata-se de uma estrutura pioneira no Brasil, voltada para a amplia\u00e7\u00e3o e a consolida\u00e7\u00e3o de estudos e desenvolvimento de sistemas de propuls\u00e3o para o setor aeron\u00e1utico, capazes de aperfei\u00e7oar tecnologias e colaborar diretamente para a diminui\u00e7\u00e3o do impacto clim\u00e1tico.<\/p>\n<p>\u201cA Universidade compreendeu a import\u00e2ncia de estabelecer uma parceria duradoura com uma grande empresa brasileira que ser\u00e1, ao mesmo tempo, essencial para o desenvolvimento tecnol\u00f3gico do Brasil, e visa a forma\u00e7\u00e3o acad\u00eamica e profissional de estudantes e pesquisadores\u201d, afirma o pesquisador\u00a0Manuel Rend\u00f3n. A iniciativa do laborat\u00f3rio nasceu da coopera\u00e7\u00e3o entre pesquisadores de v\u00e1rios cursos de Engenharia da UFJF, membros\u00a0Grupo de Convers\u00e3o Eletromec\u00e2nica de Energia\u00a0(GCEME), coordenado por Rend\u00f3n.<\/p>\n<p>De acordo com o pesquisador, um dos principais projetos \u00e9 desenvolver um motor aeron\u00e1utico h\u00edbrido-el\u00e9trico. Esse sistema de propuls\u00e3o espec\u00edfico diminui tanto a emiss\u00e3o de gases de efeito estufa, quanto o ru\u00eddo mec\u00e2nico das aeronaves, al\u00e9m de consumir menos combust\u00edvel e aumentar a acelera\u00e7\u00e3o da aeronave na fase de decolagem. O Diretor de Inova\u00e7\u00e3o da UFJF, Ign\u00e1cio Delgado, refor\u00e7a que o laborat\u00f3rio, al\u00e9m de fomentar a produ\u00e7\u00e3o cient\u00edfica e tecnol\u00f3gica da Universidade, tamb\u00e9m est\u00e1 alinhado com Plataforma de Bioquerosene e Renov\u00e1veis da Zona da Mata, projeto do qual a UFJF \u00e9 parceira.<\/p>\n<p>Em um evento sobre a plataforma ocorrido na \u00faltima sexta-feira, 5, o reitor da UFJF, Marcus David, citou o Laborat\u00f3rio de Propuls\u00e3o H\u00edbrido-El\u00e9trica como um dos exemplos do compromisso da Universidade em promover uma cadeia altamente integrada entre pesquisadores e a ind\u00fastria, mantendo o foco, tamb\u00e9m, em desenvolvimentos e cuidados ambientais. \u201c\u00c9 atrav\u00e9s de projetos estruturantes, que articulem diversos atores da regi\u00e3o e produzam efeitos din\u00e2micos sobre diferentes setores de atividade, que a coopera\u00e7\u00e3o da academia com o setor produtivo pode alcan\u00e7ar sua plenitude e gerar os impactos dinamizadores que dela se espera.\u201d<\/p>\n<p>Sediado na Faculdade de Engenharia El\u00e9trica, o laborat\u00f3rio foi constru\u00eddo com um aporte financeiro de aproximadamente R$ 400 mil, oriundo de recurso pr\u00f3prio da Universidade. A integrante da Pr\u00f3-Reitoria de Infraestrutura e Gest\u00e3o (Proinfra), Regina de Ara\u00fajo, \u00e9 uma das respons\u00e1veis pela execu\u00e7\u00e3o e fiscaliza\u00e7\u00e3o do projeto do laborat\u00f3rio. Ela destaca a import\u00e2ncia da UFJF investir em um espa\u00e7o como esse: \u201c\u00e9 de relev\u00e2ncia n\u00e3o apenas para a Universidade, mas para a produ\u00e7\u00e3o da regi\u00e3o e do pa\u00eds.\u201d<\/p>\n<p><strong>Fonte:\u00a0<\/strong>Assessoria<\/p>\n<p>&nbsp;<\/p>\n","protected":false},"excerpt":{"rendered":"<p>Est\u00e1 finalizada a constru\u00e7\u00e3o do Laborat\u00f3rio de Propuls\u00e3o H\u00edbrido-El\u00e9trica (Laphe), fruto da parceria entre a Universidade Federal de Juiz de Fora (UFJF), a Embraer S\/A e a Funda\u00e7\u00e3o de Amparo \u00e0 Pesquisa do Estado de Minas Gerais (Fapemig). Trata-se de uma estrutura pioneira no Brasil, voltada para a amplia\u00e7\u00e3o e a consolida\u00e7\u00e3o de estudos e [&hellip;]<\/p>\n","protected":false},"author":96,"featured_media":162037,"comment_status":"closed","ping_status":"closed","sticky":false,"template":"","format":"standard","meta":{"footnotes":""},"categories":[253,436,439],"tags":[],"class_list":["post-162036","post","type-post","status-publish","format-standard","has-post-thumbnail","hentry","category-cidade","category-destaque-da-semana","category-ultima-hora"],"_links":{"self":[{"href":"https:\/\/diarioregionaldigital.com.br\/index.php?rest_route=\/wp\/v2\/posts\/162036","targetHints":{"allow":["GET"]}}],"collection":[{"href":"https:\/\/diarioregionaldigital.com.br\/index.php?rest_route=\/wp\/v2\/posts"}],"about":[{"href":"https:\/\/diarioregionaldigital.com.br\/index.php?rest_route=\/wp\/v2\/types\/post"}],"author":[{"embeddable":true,"href":"https:\/\/diarioregionaldigital.com.br\/index.php?rest_route=\/wp\/v2\/users\/96"}],"replies":[{"embeddable":true,"href":"https:\/\/diarioregionaldigital.com.br\/index.php?rest_route=%2Fwp%2Fv2%2Fcomments&post=162036"}],"version-history":[{"count":0,"href":"https:\/\/diarioregionaldigital.com.br\/index.php?rest_route=\/wp\/v2\/posts\/162036\/revisions"}],"wp:featuredmedia":[{"embeddable":true,"href":"https:\/\/diarioregionaldigital.com.br\/index.php?rest_route=\/wp\/v2\/media\/162037"}],"wp:attachment":[{"href":"https:\/\/diarioregionaldigital.com.br\/index.php?rest_route=%2Fwp%2Fv2%2Fmedia&parent=162036"}],"wp:term":[{"taxonomy":"category","embeddable":true,"href":"https:\/\/diarioregionaldigital.com.br\/index.php?rest_route=%2Fwp%2Fv2%2Fcategories&post=162036"},{"taxonomy":"post_tag","embeddable":true,"href":"https:\/\/diarioregionaldigital.com.br\/index.php?rest_route=%2Fwp%2Fv2%2Ftags&post=162036"}],"curies":[{"name":"wp","href":"https:\/\/api.w.org\/{rel}","templated":true}]}}