{"id":162033,"date":"2020-06-09T17:50:21","date_gmt":"2020-06-09T20:50:21","guid":{"rendered":"https:\/\/diarioregionaldigital.com.br\/?p=162033"},"modified":"2020-06-09T17:50:21","modified_gmt":"2020-06-09T20:50:21","slug":"medidas-adotadas-pelo-governo-adiaram-pico-da-pandemia-no-estado","status":"publish","type":"post","link":"https:\/\/diarioregionaldigital.com.br\/?p=162033","title":{"rendered":"Medidas adotadas pelo Governo adiaram pico da pandemia no estado"},"content":{"rendered":"<p><main class=\"clear margin-md-bottom-3\"><\/p>\n<div class=\"clear col-md-10 col-md-offset-1 \">\n<p>O secret\u00e1rio de Estado de\u00a0Sa\u00fade de Minas Gerais, Carlos Eduardo Amaral, e o secret\u00e1rio de estado adjunto de Sa\u00fade Marcelo Cabral avaliaram a situa\u00e7\u00e3o do estado quanto ao enfrentamento e controle da pandemia de covid-19 em entrevista coletiva virtual, realizada nesta ter\u00e7a-feira (9).<\/p>\n<p>Amaral atualizou os dados do boletim epidemiol\u00f3gico sobre a doen\u00e7a: hoje s\u00e3o 16.102 casos confirmados &#8211;\u00a08.340 em acompanhamento e 7.363 referentes a pacientes recuperados &#8211;\u00a0e 399 \u00f3bitos.<\/p>\n<p>Conforme o secret\u00e1rio, as medidas adotadas pelo\u00a0Governo do Estado\u00a0para diminuir a transmiss\u00e3o da doen\u00e7a foram determinantes para modificar a tend\u00eancia de Minas em rela\u00e7\u00e3o ao pa\u00eds.<\/p>\n<p><b>Rapidez de resposta<\/b><\/p>\n<p>O secret\u00e1rio destacou que o governo adotou medidas rapidamente ao identificar que o pico da doen\u00e7a no estado estava projetado para junho e seguindo a mesma tend\u00eancia do pa\u00eds.<\/p>\n<p>Entre as a\u00e7\u00f5es mais eficazes, ele citou a cria\u00e7\u00e3o do Plano Minas Consciente e a realiza\u00e7\u00e3o de videoconfer\u00eancias e de reuni\u00f5es com todas as macrorregi\u00f5es mineiras. O objetivo de sensibilizar os gestores municipais de Sa\u00fade e prefeitos a aderirem ao m\u00e1ximo\u00a0\u00e0s medidas de isolamento, dentro da vis\u00e3o do Minas Consciente e com a inten\u00e7\u00e3o tamb\u00e9m de adiar o pico de contamina\u00e7\u00f5es, tem levado o estado a um bom \u00edndice de controle da pandemia.<\/p>\n<p><b>Proje\u00e7\u00e3o prorrogada<\/b><\/p>\n<p>Amaral lembrou que, de acordo com os primeiros estudos, baseados na tend\u00eancia do Brasil e adaptados para a popula\u00e7\u00e3o de Minas Gerais, o pico da covid-19 no estado seria nesta ter\u00e7a-feira, dia 9 de junho. No entanto, Minas conseguiu prorrogar a data de pico para meados de julho.\u00a0Apesar de adiar a proje\u00e7\u00e3o \u00a0em mais de um m\u00eas, o secret\u00e1rio explicou que o v\u00edrus vai continuar a circular por um longo tempo. Diante disso, fez um alerta \u00e0 popula\u00e7\u00e3o. \u201cN\u00e3o podemos flexibilizar exageradamente, nem acabar com as medidas de isolamento. Caso contr\u00e1rio, pode haver um acr\u00e9scimo muito grande de casos e, consequentemente, risco assistencial, o que \u00e9 tudo que n\u00e3o queremos\u201d, refor\u00e7ou.<\/p>\n<p><b>Ocupa\u00e7\u00e3o de leitos<\/b><\/p>\n<p>Amaral tamb\u00e9m atualizou os dados sobre a\u00a0ocupa\u00e7\u00e3o hospitalar no estado. De forma geral, 72% de leitos de UTI e 70% dos leitos cl\u00ednicos est\u00e3o ocupados. Das Unidades de Tratamento Intensivo ocupadas, 11,86% s\u00e3o referentes a pacientes com covid-19 ou suspeita da doen\u00e7a. Entre os leitos cl\u00ednicos, 7,68% est\u00e3o ocupados por pacientes com diagn\u00f3stico confirmado ou suspeita do coronav\u00edrus.<\/p>\n<p>O secret\u00e1rio tamb\u00e9m reafirmou que o Hospital de Campanha s\u00f3 ser\u00e1 aberto em caso de necessidade. A unidade tem a capacidade de amplia\u00e7\u00e3o em m\u00f3dulos, que pode ser acionada como um retaguarda, em caso de descontrole da epidemia.<\/p>\n<p>Ele refor\u00e7ou, ainda, que o governo vem se antecipando a todos os cen\u00e1rios poss\u00edveis.<\/p>\n<p>O secret\u00e1rio de Estado adjunto Marcelo Cabral abordou as medidas que v\u00eam sendo tomadas em rela\u00e7\u00e3o aos munic\u00edpios mineiros vizinhos \u00e0s cidades de outros estados mais afetadas pela pandemia. Segundo ele, algumas diretrizes j\u00e1 foram passadas, via Nota T\u00e9cnica. Ele refor\u00e7ou que cabe a cada munic\u00edpio tomar decis\u00f5es. Cabral tamb\u00e9m pontuou a import\u00e2ncia de haver uma for\u00e7a tarefa no enfrentamento da covid-19.<\/p>\n<p>\u201cCaso seja necess\u00e1rio, daremos um passo atr\u00e1s. Neste momento, \u00e9 importante a tomada de responsabilidades por cada um dos atores. Temos o Governo do Estado, os munic\u00edpios, os secret\u00e1rios municipais, os nossos superintendentes e os indiv\u00edduos, cada um de voc\u00eas que nos assistem todos os dias, porque pouco importar\u00e1 a ado\u00e7\u00e3o de leitos e planos, se n\u00e3o houver de nossa parte o cumprimento das responsabilidades que nos cabem\u201d.<\/p>\n<p>Sem falar em datas, o subsecret\u00e1rio fez uma proje\u00e7\u00e3o otimista. &#8220;Se os protocolos e orienta\u00e7\u00f5es continuarem a ser seguidos, a ideia \u00e9 dar in\u00edcio a uma retomada ponderada das atividades. Al\u00e9m disso, medidas mais duras como o lockdown poder\u00e3o ser evitadas.&#8221;<\/p>\n<p><strong>Fonte:<\/strong> Ag\u00eancia Minas<\/p>\n<\/div>\n<p><\/main><\/p>\n","protected":false},"excerpt":{"rendered":"<p>O secret\u00e1rio de Estado de\u00a0Sa\u00fade de Minas Gerais, Carlos Eduardo Amaral, e o secret\u00e1rio de estado adjunto de Sa\u00fade Marcelo Cabral avaliaram a situa\u00e7\u00e3o do estado quanto ao enfrentamento e controle da pandemia de covid-19 em entrevista coletiva virtual, realizada nesta ter\u00e7a-feira (9). Amaral atualizou os dados do boletim epidemiol\u00f3gico sobre a doen\u00e7a: hoje s\u00e3o [&hellip;]<\/p>\n","protected":false},"author":96,"featured_media":162034,"comment_status":"closed","ping_status":"closed","sticky":false,"template":"","format":"standard","meta":{"footnotes":""},"categories":[436,254,439],"tags":[],"class_list":["post-162033","post","type-post","status-publish","format-standard","has-post-thumbnail","hentry","category-destaque-da-semana","category-politica","category-ultima-hora"],"_links":{"self":[{"href":"https:\/\/diarioregionaldigital.com.br\/index.php?rest_route=\/wp\/v2\/posts\/162033","targetHints":{"allow":["GET"]}}],"collection":[{"href":"https:\/\/diarioregionaldigital.com.br\/index.php?rest_route=\/wp\/v2\/posts"}],"about":[{"href":"https:\/\/diarioregionaldigital.com.br\/index.php?rest_route=\/wp\/v2\/types\/post"}],"author":[{"embeddable":true,"href":"https:\/\/diarioregionaldigital.com.br\/index.php?rest_route=\/wp\/v2\/users\/96"}],"replies":[{"embeddable":true,"href":"https:\/\/diarioregionaldigital.com.br\/index.php?rest_route=%2Fwp%2Fv2%2Fcomments&post=162033"}],"version-history":[{"count":0,"href":"https:\/\/diarioregionaldigital.com.br\/index.php?rest_route=\/wp\/v2\/posts\/162033\/revisions"}],"wp:featuredmedia":[{"embeddable":true,"href":"https:\/\/diarioregionaldigital.com.br\/index.php?rest_route=\/wp\/v2\/media\/162034"}],"wp:attachment":[{"href":"https:\/\/diarioregionaldigital.com.br\/index.php?rest_route=%2Fwp%2Fv2%2Fmedia&parent=162033"}],"wp:term":[{"taxonomy":"category","embeddable":true,"href":"https:\/\/diarioregionaldigital.com.br\/index.php?rest_route=%2Fwp%2Fv2%2Fcategories&post=162033"},{"taxonomy":"post_tag","embeddable":true,"href":"https:\/\/diarioregionaldigital.com.br\/index.php?rest_route=%2Fwp%2Fv2%2Ftags&post=162033"}],"curies":[{"name":"wp","href":"https:\/\/api.w.org\/{rel}","templated":true}]}}