{"id":162027,"date":"2020-06-09T17:28:30","date_gmt":"2020-06-09T20:28:30","guid":{"rendered":"https:\/\/diarioregionaldigital.com.br\/?p=162027"},"modified":"2020-06-09T17:28:30","modified_gmt":"2020-06-09T20:28:30","slug":"oms-afirma-que-pacientes-assintomaticos-podem-transmitir-covid-19","status":"publish","type":"post","link":"https:\/\/diarioregionaldigital.com.br\/?p=162027","title":{"rendered":"OMS afirma que pacientes assintom\u00e1ticos podem transmitir Covid-19"},"content":{"rendered":"<p><span style=\"font-weight: 400;\">Ap\u00f3s anunciar durante uma entrevista na segunda-feira (8), na qual a\u00a0 infectologista Maria Van Kerkhove, respons\u00e1vel t\u00e9cnica pelo time de combate ao Covid-19 da Organiza\u00e7\u00e3o Mundial da Sa\u00fade (OMS), afirmou que pacientes assintom\u00e1ticos podem transmitir a doen\u00e7a, em uma nova entrevista, a mesma diz que houve um mal-entendido em sua fala e que <\/span><span style=\"font-weight: 400;\">estava se referindo a relat\u00f3rios dos estados membros da OMS:<\/span><\/p>\n<p><span style=\"font-weight: 400;\">&#8220;O que eu estava me referindo na segunda-feira (8), na confer\u00eancia de imprensa foram muito poucos estudos &#8211; alguns dois ou tr\u00eas estudos publicados que realmente tentam acompanhar casos assintom\u00e1ticos, para que as pessoas infectadas, ao longo do tempo, e depois analisem todos os seus contatos e veja quantas pessoas adicionais foram infectadas.\u201d<\/span><\/p>\n<p><span style=\"font-weight: 400;\">Segundo a autoridade m\u00e9dica, a sua fala sobre o assunto foi baseada em um n\u00famero limitado de estudos feitos em situa\u00e7\u00f5es espec\u00edficas. De acordo com ela, alguns modelos apontam que at\u00e9 40% das transmiss\u00f5es podem estar acontecendo por pessoas assintom\u00e1ticas. Diante dos fatos, Maria diz que h\u00e1 inc\u00f3gnitas acerca do assunto:<\/span><\/p>\n<p><span style=\"font-weight: 400;\">&#8220;A maioria das transmiss\u00f5es que conhecemos \u00e9 que pessoas com sintomas transmitem o v\u00edrus a outras pessoas atrav\u00e9s de got\u00edculas infecciosas &#8211; mas h\u00e1 um subconjunto de pessoas que n\u00e3o desenvolvem sintomas e para realmente entender quantas pessoas n\u00e3o t\u00eam sintomas, na verdade ainda n\u00e3o temos essa resposta. Sabemos que algumas pessoas que s\u00e3o assintom\u00e1ticas ou que n\u00e3o apresentam sintomas podem transmitir o v\u00edrus. Ent\u00e3o, o que precisamos entender melhor \u00e9 quantas pessoas na popula\u00e7\u00e3o n\u00e3o apresentam sintomas e separadamente quantas dessas pessoas transmitem para outras pessoas&#8221;.<\/span><\/p>\n<p><span style=\"font-weight: 400;\">Quanto \u00e0 identifica\u00e7\u00e3o de pacientes assintom\u00e1ticos, \u00e9 necess\u00e1rio entender que n\u00e3o \u00e9 simples classificar pacientes como assintom\u00e1ticos \u00e9 a exist\u00eancia de indiv\u00edduos pr\u00e9-sintom\u00e1ticos: s\u00e3o pessoas que n\u00e3o apresentam sintomas nos primeiros dias de infec\u00e7\u00e3o, mas, mesmo nesse in\u00edcio, j\u00e1 transmitem o v\u00edrus. Segundo o <\/span><span style=\"font-weight: 400;\">pesquisador do Instituto de Ci\u00eancias Biol\u00f3gicas (ICB) da Universidade Federal de Juiz de Fora (UFJF), Aripuan\u00e3 Watanabe, diz que os especialistas devem fazer uma testagem rigorosa e um rastreio complexo:<\/span><\/p>\n<p><span style=\"font-weight: 400;\">\u201c\u00c9 preciso seguir um grande n\u00famero de indiv\u00edduos com diagn\u00f3stico positivo para o novo coronav\u00edrus, confirmado por testes laboratoriais, verificando uma s\u00e9rie de elementos, como qual a carga viral de cada um, se as pessoas pr\u00f3ximas a eles s\u00e3o contaminadas e, tamb\u00e9m, como esses pr\u00f3prios pacientes foram infectados\u201d.<\/span><\/p>\n<p><span style=\"font-weight: 400;\">O pesquisador afirma tamb\u00e9m que se a carga viral observada em indiv\u00edduos for menor, n\u00e3o significa que as pessoas contaminadas por eles apresentar\u00e3o um quadro menos grave. Al\u00e9m disso, explica que <\/span><span style=\"font-weight: 400;\">a presen\u00e7a de fatores de risco em pessoas infectadas, como hipertens\u00e3o, diabetes, cardiopatia, pneumopatia e obesidade, podem acarretar maior gravidade do Coronav\u00edrus.<\/span><span style=\"font-weight: 400;\"> Ele refor\u00e7a a import\u00e2ncia da utiliza\u00e7\u00e3o de m\u00e1scaras:<\/span><\/p>\n<p><span style=\"font-weight: 400;\">\u201cA recomenda\u00e7\u00e3o geral do uso da m\u00e1scara tem valido para diminuir essa transmiss\u00e3o via aerossol, pois s\u00e3o got\u00edculas que permanecem no ar por mais tempo e percorrem uma dist\u00e2ncia ainda maior do que got\u00edculas maiores, que, normalmente, alcan\u00e7am at\u00e9 um metro e meio \u2013 por isso tamb\u00e9m a import\u00e2ncia de mantermos o distanciamento. At\u00e9 que se desenvolva um medicamento eficaz ou, principalmente, uma vacina, n\u00f3s s\u00f3 temos essas armas para lutar contra esse v\u00edrus.\u201d<\/span><\/p>\n","protected":false},"excerpt":{"rendered":"<p>Ap\u00f3s anunciar durante uma entrevista na segunda-feira (8), na qual a\u00a0 infectologista Maria Van Kerkhove, respons\u00e1vel t\u00e9cnica pelo time de combate ao Covid-19 da Organiza\u00e7\u00e3o Mundial da Sa\u00fade (OMS), afirmou que pacientes assintom\u00e1ticos podem transmitir a doen\u00e7a, em uma nova entrevista, a mesma diz que houve um mal-entendido em sua fala e que estava se [&hellip;]<\/p>\n","protected":false},"author":96,"featured_media":162028,"comment_status":"closed","ping_status":"closed","sticky":false,"template":"","format":"standard","meta":{"footnotes":""},"categories":[253,436,440,439],"tags":[],"class_list":["post-162027","post","type-post","status-publish","format-standard","has-post-thumbnail","hentry","category-cidade","category-destaque-da-semana","category-destaques-do-dia","category-ultima-hora"],"_links":{"self":[{"href":"https:\/\/diarioregionaldigital.com.br\/index.php?rest_route=\/wp\/v2\/posts\/162027","targetHints":{"allow":["GET"]}}],"collection":[{"href":"https:\/\/diarioregionaldigital.com.br\/index.php?rest_route=\/wp\/v2\/posts"}],"about":[{"href":"https:\/\/diarioregionaldigital.com.br\/index.php?rest_route=\/wp\/v2\/types\/post"}],"author":[{"embeddable":true,"href":"https:\/\/diarioregionaldigital.com.br\/index.php?rest_route=\/wp\/v2\/users\/96"}],"replies":[{"embeddable":true,"href":"https:\/\/diarioregionaldigital.com.br\/index.php?rest_route=%2Fwp%2Fv2%2Fcomments&post=162027"}],"version-history":[{"count":0,"href":"https:\/\/diarioregionaldigital.com.br\/index.php?rest_route=\/wp\/v2\/posts\/162027\/revisions"}],"wp:featuredmedia":[{"embeddable":true,"href":"https:\/\/diarioregionaldigital.com.br\/index.php?rest_route=\/wp\/v2\/media\/162028"}],"wp:attachment":[{"href":"https:\/\/diarioregionaldigital.com.br\/index.php?rest_route=%2Fwp%2Fv2%2Fmedia&parent=162027"}],"wp:term":[{"taxonomy":"category","embeddable":true,"href":"https:\/\/diarioregionaldigital.com.br\/index.php?rest_route=%2Fwp%2Fv2%2Fcategories&post=162027"},{"taxonomy":"post_tag","embeddable":true,"href":"https:\/\/diarioregionaldigital.com.br\/index.php?rest_route=%2Fwp%2Fv2%2Ftags&post=162027"}],"curies":[{"name":"wp","href":"https:\/\/api.w.org\/{rel}","templated":true}]}}