{"id":162024,"date":"2020-06-09T16:50:19","date_gmt":"2020-06-09T19:50:19","guid":{"rendered":"https:\/\/diarioregionaldigital.com.br\/?p=162024"},"modified":"2020-06-09T16:50:19","modified_gmt":"2020-06-09T19:50:19","slug":"plenario-aprova-projeto-que-prioriza-testagem-de-profissionais-de-saude","status":"publish","type":"post","link":"https:\/\/diarioregionaldigital.com.br\/?p=162024","title":{"rendered":"Plen\u00e1rio aprova projeto que prioriza testagem de profissionais de sa\u00fade"},"content":{"rendered":"<p><span style=\"font-weight: 400;\">O Plen\u00e1rio da C\u00e2mara dos Deputados aprovou, nessa ter\u00e7a-feira (9), o substitutivo do Senado para o Projeto de Lei 1409\/20, que d\u00e1 prioridade na testagem do novo coronav\u00edrus a profissionais que atuam no combate \u00e0 Covid-19 e est\u00e3o em contato direto com pessoas contaminadas, caso dos profissionais de sa\u00fade e dos agentes funer\u00e1rios. A mat\u00e9ria ser\u00e1 enviada \u00e0 san\u00e7\u00e3o.<\/span><\/p>\n<p><span style=\"font-weight: 400;\">Segundo o substitutivo do Senado, tamb\u00e9m contar\u00e3o com essa prioridade todos os profissionais essenciais ao controle de doen\u00e7as e \u00e0 manuten\u00e7\u00e3o da ordem p\u00fablica, determinando que sejam \u201ctempestivamente tratados\u201d e orientados sobre sua condi\u00e7\u00e3o de sa\u00fade e sobre sua aptid\u00e3o para retornar ao trabalho.<\/span><\/p>\n<p><span style=\"font-weight: 400;\">A proposta tamb\u00e9m obriga empregadores a fornecer, gratuitamente, equipamentos de prote\u00e7\u00e3o individual aos profissionais que atuam em atividades essenciais e estejam em contato direto com portadores ou poss\u00edveis portadores do coronav\u00edrus, considerando os protocolos indicados para cada situa\u00e7\u00e3o.<\/span><\/p>\n<p><span style=\"font-weight: 400;\">O texto do Senado contou com parecer favor\u00e1vel do relator, deputado Hiran Gon\u00e7alves (PP-RR).<\/span><\/p>\n<p><span style=\"font-weight: 400;\">O projeto \u00e9 de autoria do deputado Dr. Zacharias Calil (DEM-GO) e assinado por outros cinco deputados: Alexandre Padilha (PT-SP), Adriana Ventura (Novo-SP), Mariana Carvalho (PSDB-RO), Jorge Solla (PT-BA) e Dra. Soraya Manato (PSL-ES).<\/span><\/p>\n<p><b>Categorias<\/b><\/p>\n<p><span style=\"font-weight: 400;\">O Senado prop\u00f4s a inclus\u00e3o de v\u00e1rios profissionais em uma lista de 18 categorias consideradas essenciais e para as quais devem ser distribu\u00eddos os equipamentos de prote\u00e7\u00e3o gratuitamente.<\/span><\/p>\n<p><span style=\"font-weight: 400;\">Assim, al\u00e9m dos casos mais \u00f3bvios, como m\u00e9dicos, enfermeiros, policiais e bombeiros, motoristas de ambul\u00e2ncias, t\u00e9cnicos em an\u00e1lises cl\u00ednicas, trabalhadores de servi\u00e7os funer\u00e1rios e de aut\u00f3psia, a nova lista inclui terapeutas ocupacionais, fonoaudi\u00f3logos, policiais penais e rodovi\u00e1rios, assistentes administrativos que atuam no cadastro de pacientes em unidades de sa\u00fade e operadores de aparelhos de tomografia computadorizada e de resson\u00e2ncia nuclear magn\u00e9tica.<\/span><\/p>\n<p><span style=\"font-weight: 400;\">Os acr\u00e9scimos propostos pelos senadores tamb\u00e9m especificam outros com fun\u00e7\u00f5es de assistente, como padioleiros, atendentes e motoristas funer\u00e1rios e t\u00e9cnicos em sa\u00fade bucal.<\/span><\/p>\n<p><span style=\"font-weight: 400;\">A lista avan\u00e7a ainda para incluir cuidadores e atendentes de pessoas com defici\u00eancia; m\u00e9dicos-veterin\u00e1rios; profissionais que trabalham na cadeia de produ\u00e7\u00e3o de alimentos e bebidas, incluindo os insumos; e aeronautas, aerovi\u00e1rios e controladores de voo.<\/span><\/p>\n<p><strong>Fonte:<\/strong> Ag\u00eancia C\u00e2mara<\/p>\n","protected":false},"excerpt":{"rendered":"<p>O Plen\u00e1rio da C\u00e2mara dos Deputados aprovou, nessa ter\u00e7a-feira (9), o substitutivo do Senado para o Projeto de Lei 1409\/20, que d\u00e1 prioridade na testagem do novo coronav\u00edrus a profissionais que atuam no combate \u00e0 Covid-19 e est\u00e3o em contato direto com pessoas contaminadas, caso dos profissionais de sa\u00fade e dos agentes funer\u00e1rios. A mat\u00e9ria [&hellip;]<\/p>\n","protected":false},"author":96,"featured_media":162025,"comment_status":"closed","ping_status":"closed","sticky":false,"template":"","format":"standard","meta":{"footnotes":""},"categories":[436,254,439],"tags":[],"class_list":["post-162024","post","type-post","status-publish","format-standard","has-post-thumbnail","hentry","category-destaque-da-semana","category-politica","category-ultima-hora"],"_links":{"self":[{"href":"https:\/\/diarioregionaldigital.com.br\/index.php?rest_route=\/wp\/v2\/posts\/162024","targetHints":{"allow":["GET"]}}],"collection":[{"href":"https:\/\/diarioregionaldigital.com.br\/index.php?rest_route=\/wp\/v2\/posts"}],"about":[{"href":"https:\/\/diarioregionaldigital.com.br\/index.php?rest_route=\/wp\/v2\/types\/post"}],"author":[{"embeddable":true,"href":"https:\/\/diarioregionaldigital.com.br\/index.php?rest_route=\/wp\/v2\/users\/96"}],"replies":[{"embeddable":true,"href":"https:\/\/diarioregionaldigital.com.br\/index.php?rest_route=%2Fwp%2Fv2%2Fcomments&post=162024"}],"version-history":[{"count":0,"href":"https:\/\/diarioregionaldigital.com.br\/index.php?rest_route=\/wp\/v2\/posts\/162024\/revisions"}],"wp:featuredmedia":[{"embeddable":true,"href":"https:\/\/diarioregionaldigital.com.br\/index.php?rest_route=\/wp\/v2\/media\/162025"}],"wp:attachment":[{"href":"https:\/\/diarioregionaldigital.com.br\/index.php?rest_route=%2Fwp%2Fv2%2Fmedia&parent=162024"}],"wp:term":[{"taxonomy":"category","embeddable":true,"href":"https:\/\/diarioregionaldigital.com.br\/index.php?rest_route=%2Fwp%2Fv2%2Fcategories&post=162024"},{"taxonomy":"post_tag","embeddable":true,"href":"https:\/\/diarioregionaldigital.com.br\/index.php?rest_route=%2Fwp%2Fv2%2Ftags&post=162024"}],"curies":[{"name":"wp","href":"https:\/\/api.w.org\/{rel}","templated":true}]}}