{"id":162021,"date":"2020-06-09T15:59:30","date_gmt":"2020-06-09T18:59:30","guid":{"rendered":"https:\/\/diarioregionaldigital.com.br\/?p=162021"},"modified":"2020-06-09T15:59:30","modified_gmt":"2020-06-09T18:59:30","slug":"alcoolicos-anonimos-completa-59-anos-de-atividade-em-minas-gerais","status":"publish","type":"post","link":"https:\/\/diarioregionaldigital.com.br\/?p=162021","title":{"rendered":"Alco\u00f3licos an\u00f4nimos completa 59 anos de atividade em Minas Gerais"},"content":{"rendered":"<p><span style=\"font-weight: 400;\">Com 85 anos de hist\u00f3ria a n\u00edvel mundial e 73 anos de atividades em solo brasileiro, o Alco\u00f3licos An\u00f4nimos completa 59 anos de funda\u00e7\u00e3o no estado de Minas Gerais, tendo em meta transmitir ajuda \u00e0s pessoas que sofrem com alcoolismo, al\u00e9m de compartilhar for\u00e7as, experi\u00eancias e esperan\u00e7as no processo de recupera\u00e7\u00e3o.<\/span><\/p>\n<p><span style=\"font-weight: 400;\">O grupo surgiu na cidade de Akron (EUA), no dia 10 de junho de 1935, ap\u00f3s haver uma longa conversa entre um corretor da Bolsa de Valores de Nova York e um m\u00e9dico-cirurgi\u00e3o. Ambos tinham casos graves de alcoolismo e ao conversarem sobre seus problemas, o consumo diminuiu, a partir da\u00ed surgiu o Alco\u00f3licos An\u00f4nimos.<\/span><\/p>\n<p><span style=\"font-weight: 400;\">Atualmente a irmandade conta com mais de 110 mil grupos em cerca de 186 pa\u00edses. No Brasil, executivos americanos iniciaram os primeiros contatos em 1945, no entanto, a primeira reuni\u00e3o formal ocorreu no dia 5 de setembro de 1947 no Rio de Janeiro.<\/span><\/p>\n<p><span style=\"font-weight: 400;\">A credibilidade do Alco\u00f3licos An\u00f4nimos foi poss\u00edvel gra\u00e7as ao apoio dos profissionais da m\u00eddia, especialmente jornais e r\u00e1dios, que se colocaram abertamente ao combate contra o alcoolismo.<\/span><\/p>\n<p><span style=\"font-weight: 400;\">A irmandade em solo brasileiro teve desenvolvimento que resulta em mais de 5 mil grupos em todo o pa\u00eds, sendo que mais de 500 s\u00e3o em Minas Gerais. A irmandade chegou ao estado em 11 de junho de 1961, em Juiz de Fora, onde atualmente conta com 30 salas de reuni\u00f5es \u00e0 disposi\u00e7\u00e3o da comunidade.<\/span><\/p>\n<p><span style=\"font-weight: 400;\">Devido \u00e0 pandemia do Coronav\u00edrus, a popula\u00e7\u00e3o cumpre isolamento social e diante disso, a recupera\u00e7\u00e3o em Alco\u00f3licos An\u00f4nimos \u00e9 o que mant\u00e9m a sobriedade dos pacientes. Apesar do distanciamento social, a irmandade disponibiliza compartilhamento de experi\u00eancias em grupos virtuais online, ou atrav\u00e9s do portal aa.org.br, sempre as ter\u00e7as-feiras, quintas-feiras e aos s\u00e1bados. Quem deseja conhecer mais sobre a irmandade, pode acessar o portal www.aa-area33mg.org.br ou pelo telefone (32) 3215-8503.<\/span><\/p>\n","protected":false},"excerpt":{"rendered":"<p>Com 85 anos de hist\u00f3ria a n\u00edvel mundial e 73 anos de atividades em solo brasileiro, o Alco\u00f3licos An\u00f4nimos completa 59 anos de funda\u00e7\u00e3o no estado de Minas Gerais, tendo em meta transmitir ajuda \u00e0s pessoas que sofrem com alcoolismo, al\u00e9m de compartilhar for\u00e7as, experi\u00eancias e esperan\u00e7as no processo de recupera\u00e7\u00e3o. O grupo surgiu na [&hellip;]<\/p>\n","protected":false},"author":96,"featured_media":162022,"comment_status":"closed","ping_status":"closed","sticky":false,"template":"","format":"standard","meta":{"footnotes":""},"categories":[253,436,439],"tags":[],"class_list":["post-162021","post","type-post","status-publish","format-standard","has-post-thumbnail","hentry","category-cidade","category-destaque-da-semana","category-ultima-hora"],"_links":{"self":[{"href":"https:\/\/diarioregionaldigital.com.br\/index.php?rest_route=\/wp\/v2\/posts\/162021","targetHints":{"allow":["GET"]}}],"collection":[{"href":"https:\/\/diarioregionaldigital.com.br\/index.php?rest_route=\/wp\/v2\/posts"}],"about":[{"href":"https:\/\/diarioregionaldigital.com.br\/index.php?rest_route=\/wp\/v2\/types\/post"}],"author":[{"embeddable":true,"href":"https:\/\/diarioregionaldigital.com.br\/index.php?rest_route=\/wp\/v2\/users\/96"}],"replies":[{"embeddable":true,"href":"https:\/\/diarioregionaldigital.com.br\/index.php?rest_route=%2Fwp%2Fv2%2Fcomments&post=162021"}],"version-history":[{"count":0,"href":"https:\/\/diarioregionaldigital.com.br\/index.php?rest_route=\/wp\/v2\/posts\/162021\/revisions"}],"wp:featuredmedia":[{"embeddable":true,"href":"https:\/\/diarioregionaldigital.com.br\/index.php?rest_route=\/wp\/v2\/media\/162022"}],"wp:attachment":[{"href":"https:\/\/diarioregionaldigital.com.br\/index.php?rest_route=%2Fwp%2Fv2%2Fmedia&parent=162021"}],"wp:term":[{"taxonomy":"category","embeddable":true,"href":"https:\/\/diarioregionaldigital.com.br\/index.php?rest_route=%2Fwp%2Fv2%2Fcategories&post=162021"},{"taxonomy":"post_tag","embeddable":true,"href":"https:\/\/diarioregionaldigital.com.br\/index.php?rest_route=%2Fwp%2Fv2%2Ftags&post=162021"}],"curies":[{"name":"wp","href":"https:\/\/api.w.org\/{rel}","templated":true}]}}