{"id":162019,"date":"2020-06-09T15:19:22","date_gmt":"2020-06-09T18:19:22","guid":{"rendered":"https:\/\/diarioregionaldigital.com.br\/?p=162019"},"modified":"2020-06-09T15:19:22","modified_gmt":"2020-06-09T18:19:22","slug":"jovem-recruta-do-exercito-e-preso-por-inventar-falsa-denuncia-de-crime","status":"publish","type":"post","link":"https:\/\/diarioregionaldigital.com.br\/?p=162019","title":{"rendered":"Jovem recruta do Ex\u00e9rcito, \u00e9 preso por inventar falsa den\u00fancia de crime"},"content":{"rendered":"<p><span style=\"font-weight: 400;\">A Pol\u00edcia Civil de Minas Gerais (PCMG), prendeu em Juiz de Fora, um jovem de 19 anos, recruta do Ex\u00e9rcito, por inventar uma falsa den\u00fancia de crime, na qual sua fam\u00edlia era mantida ref\u00e9m. Na madrugada de segunda-feira (8), o autor ligou para a pol\u00edcia, dizendo que dois homens armados teriam mantido sua fam\u00edlia como ref\u00e9m dentro da sua resid\u00eancia e que os mesmos teriam roubado e danificado objetos da casa.<\/span><\/p>\n<p><span style=\"font-weight: 400;\">Conforme o Delegado Carlos Eduardo Santos Rodrigues, os policiais civis da Delegacia Especializada de Repress\u00e3o a Roubos foram acionados, em virtude das informa\u00e7\u00f5es relatadas pelo\u00a0 rapaz, sobre o suposto crime que teria acontecido:<\/span><\/p>\n<p><span style=\"font-weight: 400;\">\u201cOs investigadores iniciaram os levantamentos preliminares e verificaram que a vers\u00e3o do jovem apresentava diversas falhas. Ele disse que os autores subtra\u00edram um ve\u00edculo, mas n\u00e3o sabia sequer a placa do autom\u00f3vel\u201d, contou.<\/span><\/p>\n<p><span style=\"font-weight: 400;\">De acordo com as informa\u00e7\u00f5es passadas pelo Delegado, a PCMG solicitou ao jovem que acompanhasse os policiais at\u00e9 a referida resid\u00eancia, no entanto o jovem come\u00e7ou a agir de forma suspeita e indicou o endere\u00e7o errado.\u00a0<\/span><\/p>\n<p><span style=\"font-weight: 400;\">Ap\u00f3s realizar diversas dilig\u00eancias, os policiais tiveram \u00eaxito em localizar a resid\u00eancia correta e durante as conversas com os familiares, os mesmos relataram que nada tinha acontecido. Logo em seguida o infrator revelou que tinha inventado a tal den\u00fancia, pois, segundo ele, n\u00e3o queria continuar atuando no servi\u00e7o militar.<\/span><\/p>\n<p><span style=\"font-weight: 400;\">Diante dos fatos, o suspeito recebeu voz de pris\u00e3o em flagrante por falsa comunica\u00e7\u00e3o de crime e foi conduzido at\u00e9 a unidade policial, para devidas provid\u00eancias..<\/span><\/p>\n<p>&nbsp;<\/p>\n","protected":false},"excerpt":{"rendered":"<p>A Pol\u00edcia Civil de Minas Gerais (PCMG), prendeu em Juiz de Fora, um jovem de 19 anos, recruta do Ex\u00e9rcito, por inventar uma falsa den\u00fancia de crime, na qual sua fam\u00edlia era mantida ref\u00e9m. Na madrugada de segunda-feira (8), o autor ligou para a pol\u00edcia, dizendo que dois homens armados teriam mantido sua fam\u00edlia como [&hellip;]<\/p>\n","protected":false},"author":96,"featured_media":161269,"comment_status":"closed","ping_status":"closed","sticky":false,"template":"","format":"standard","meta":{"footnotes":""},"categories":[301,436,439],"tags":[],"class_list":["post-162019","post","type-post","status-publish","format-standard","has-post-thumbnail","hentry","category-artigos-policiais","category-destaque-da-semana","category-ultima-hora"],"_links":{"self":[{"href":"https:\/\/diarioregionaldigital.com.br\/index.php?rest_route=\/wp\/v2\/posts\/162019","targetHints":{"allow":["GET"]}}],"collection":[{"href":"https:\/\/diarioregionaldigital.com.br\/index.php?rest_route=\/wp\/v2\/posts"}],"about":[{"href":"https:\/\/diarioregionaldigital.com.br\/index.php?rest_route=\/wp\/v2\/types\/post"}],"author":[{"embeddable":true,"href":"https:\/\/diarioregionaldigital.com.br\/index.php?rest_route=\/wp\/v2\/users\/96"}],"replies":[{"embeddable":true,"href":"https:\/\/diarioregionaldigital.com.br\/index.php?rest_route=%2Fwp%2Fv2%2Fcomments&post=162019"}],"version-history":[{"count":0,"href":"https:\/\/diarioregionaldigital.com.br\/index.php?rest_route=\/wp\/v2\/posts\/162019\/revisions"}],"wp:featuredmedia":[{"embeddable":true,"href":"https:\/\/diarioregionaldigital.com.br\/index.php?rest_route=\/wp\/v2\/media\/161269"}],"wp:attachment":[{"href":"https:\/\/diarioregionaldigital.com.br\/index.php?rest_route=%2Fwp%2Fv2%2Fmedia&parent=162019"}],"wp:term":[{"taxonomy":"category","embeddable":true,"href":"https:\/\/diarioregionaldigital.com.br\/index.php?rest_route=%2Fwp%2Fv2%2Fcategories&post=162019"},{"taxonomy":"post_tag","embeddable":true,"href":"https:\/\/diarioregionaldigital.com.br\/index.php?rest_route=%2Fwp%2Fv2%2Ftags&post=162019"}],"curies":[{"name":"wp","href":"https:\/\/api.w.org\/{rel}","templated":true}]}}