{"id":162016,"date":"2020-06-09T14:56:46","date_gmt":"2020-06-09T17:56:46","guid":{"rendered":"https:\/\/diarioregionaldigital.com.br\/?p=162016"},"modified":"2020-06-09T14:56:46","modified_gmt":"2020-06-09T17:56:46","slug":"hugo-calderano-volta-a-competir-nesta-quinta-pela-semifinal-da-liga-alema-de-tenis-de-mesa","status":"publish","type":"post","link":"https:\/\/diarioregionaldigital.com.br\/?p=162016","title":{"rendered":"Hugo Calderano volta a competir nesta quinta pela semifinal da liga alem\u00e3 de t\u00eanis de mesa"},"content":{"rendered":"<p><span style=\"font-weight: 400;\">Sexto colocado no ranking mundial de t\u00eanis de mesa, Hugo Calderano j\u00e1 tem data para voltar \u00e0s competi\u00e7\u00f5es: nesta quinta-feira (11), ele defender\u00e1 o Liebherr Ochsenhausen no duelo contra o Borussia D\u00fcsseldorf pelas semifinais da Bundesliga, a liga alem\u00e3 da modalidade. Ser\u00e1 o primeiro jogo oficial do carioca de 23 anos desde o in\u00edcio de mar\u00e7o, quando disputou o Aberto do Qatar.<\/span><\/p>\n<p><span style=\"font-weight: 400;\">O confronto semifinal acontece \u00e0s 8h (hor\u00e1rio de Bras\u00edlia), com transmiss\u00e3o ao vivo pelo site oficial da Bundesliga. Caso avance, a equipe de Calderano enfrentar\u00e1 no domingo, \u00e0s 9h, o vencedor do duelo entre Saarbr\u00fccken e Werder Bremen.<\/span><\/p>\n<p><span style=\"font-weight: 400;\">Desde que voltou do Qatar, o mesatenista se manteve em Ochsenhausen (Alemanha). Inicialmente, ele adaptou sua rotina de treinamentos ao levar uma mesa para casa, mas, h\u00e1 um m\u00eas e meio, foi autorizado a retomar as atividades no gin\u00e1sio do clube, seguindo uma s\u00e9rie de orienta\u00e7\u00f5es sanit\u00e1rias.<\/span><\/p>\n<p><span style=\"font-weight: 400;\">Em 2019, o brasileiro teve uma temporada marcada pela regularidade, o que lhe rendeu uma posi\u00e7\u00e3o s\u00f3lida entre os melhores do mundo. O brasileiro passou a maior parte da temporada em sexto lugar no ranking &#8211; ao todo, j\u00e1 s\u00e3o 20 meses seguidos no Top 10.<\/span><\/p>\n<p><span style=\"font-weight: 400;\">Seu resultado mais importante na temporada passada foram as duas medalhas de ouro &#8211; simples e duplas masculinas &#8211; conquistadas nos Jogos Pan-Americanos de Lima, no Peru. O bicampeonato individual lhe assegurou nos Jogos Ol\u00edmpicos de T\u00f3quio, remarcados para 23 de julho a 8 de agosto de 2021.<\/span><\/p>\n<p><b>Circuito internacional parado<\/b><\/p>\n<p><span style=\"font-weight: 400;\">A Federa\u00e7\u00e3o Internacional de T\u00eanis de Mesa (ITTF), por sua vez, mant\u00e9m suspenso todo o calend\u00e1rio internacional. Na \u00faltima quinta-feira (4), o Comit\u00ea Executivo da entidade anunciou que o Campeonato Mundial por equipes n\u00e3o dever\u00e1 mais ser disputado este ano, ficando, em princ\u00edpio, para os primeiros meses de 2021. A competi\u00e7\u00e3o j\u00e1 havia sido adiada duas vezes anteriormente.<\/span><\/p>\n<p><span style=\"font-weight: 400;\">O Circuito Mundial tamb\u00e9m n\u00e3o tem data certa para retorno. A ITTF segue &#8220;esperan\u00e7osa&#8221; de que o retorno das competi\u00e7\u00f5es possa acontecer no \u00faltimo trimestre deste ano e ainda avalia a possibilidade de organizar eventos regionais na temporada atual.<\/span><\/p>\n<p><strong>Fonte:<\/strong> COB<\/p>\n","protected":false},"excerpt":{"rendered":"<p>Sexto colocado no ranking mundial de t\u00eanis de mesa, Hugo Calderano j\u00e1 tem data para voltar \u00e0s competi\u00e7\u00f5es: nesta quinta-feira (11), ele defender\u00e1 o Liebherr Ochsenhausen no duelo contra o Borussia D\u00fcsseldorf pelas semifinais da Bundesliga, a liga alem\u00e3 da modalidade. Ser\u00e1 o primeiro jogo oficial do carioca de 23 anos desde o in\u00edcio de [&hellip;]<\/p>\n","protected":false},"author":96,"featured_media":162017,"comment_status":"closed","ping_status":"closed","sticky":false,"template":"","format":"standard","meta":{"footnotes":""},"categories":[436,257,439],"tags":[],"class_list":["post-162016","post","type-post","status-publish","format-standard","has-post-thumbnail","hentry","category-destaque-da-semana","category-esporte","category-ultima-hora"],"_links":{"self":[{"href":"https:\/\/diarioregionaldigital.com.br\/index.php?rest_route=\/wp\/v2\/posts\/162016","targetHints":{"allow":["GET"]}}],"collection":[{"href":"https:\/\/diarioregionaldigital.com.br\/index.php?rest_route=\/wp\/v2\/posts"}],"about":[{"href":"https:\/\/diarioregionaldigital.com.br\/index.php?rest_route=\/wp\/v2\/types\/post"}],"author":[{"embeddable":true,"href":"https:\/\/diarioregionaldigital.com.br\/index.php?rest_route=\/wp\/v2\/users\/96"}],"replies":[{"embeddable":true,"href":"https:\/\/diarioregionaldigital.com.br\/index.php?rest_route=%2Fwp%2Fv2%2Fcomments&post=162016"}],"version-history":[{"count":0,"href":"https:\/\/diarioregionaldigital.com.br\/index.php?rest_route=\/wp\/v2\/posts\/162016\/revisions"}],"wp:featuredmedia":[{"embeddable":true,"href":"https:\/\/diarioregionaldigital.com.br\/index.php?rest_route=\/wp\/v2\/media\/162017"}],"wp:attachment":[{"href":"https:\/\/diarioregionaldigital.com.br\/index.php?rest_route=%2Fwp%2Fv2%2Fmedia&parent=162016"}],"wp:term":[{"taxonomy":"category","embeddable":true,"href":"https:\/\/diarioregionaldigital.com.br\/index.php?rest_route=%2Fwp%2Fv2%2Fcategories&post=162016"},{"taxonomy":"post_tag","embeddable":true,"href":"https:\/\/diarioregionaldigital.com.br\/index.php?rest_route=%2Fwp%2Fv2%2Ftags&post=162016"}],"curies":[{"name":"wp","href":"https:\/\/api.w.org\/{rel}","templated":true}]}}