{"id":162013,"date":"2020-06-09T14:44:43","date_gmt":"2020-06-09T17:44:43","guid":{"rendered":"https:\/\/diarioregionaldigital.com.br\/?p=162013"},"modified":"2020-06-09T14:44:43","modified_gmt":"2020-06-09T17:44:43","slug":"prefeito-de-madri-diz-que-capital-espanhola-pode-sediar-final-da-liga-dos-campeoes","status":"publish","type":"post","link":"https:\/\/diarioregionaldigital.com.br\/?p=162013","title":{"rendered":"Prefeito de Madri diz que capital espanhola pode sediar final da Liga dos Campe\u00f5es"},"content":{"rendered":"<p><span style=\"font-weight: 400;\">O prefeito de Madri, Jos\u00e9 Luis Mart\u00ednez-Almeida, afirma que a capital espanhola est\u00e1 em negocia\u00e7\u00f5es com a UEFA, para que seja a cidade-sede da final da Liga dos Campe\u00f5es deste ano. Segundo informa\u00e7\u00f5es do jornal espanhol<\/span><i><span style=\"font-weight: 400;\"> Mundo Deportivo, <\/span><\/i><span style=\"font-weight: 400;\">o palco seria o Est\u00e1dio Wanda Metropolitano, casa do Atl\u00e9tico de Madri e tamb\u00e9m da decis\u00e3o de 2019, no qual o Liverpool derrotou o Tottenham. Vale ressaltar que o Est\u00e1dio Santiago Bernab\u00e9u, casa do Real Madrid, est\u00e1 temporariamente fechado, devido ao processo de moderniza\u00e7\u00e3o.<\/span><\/p>\n<p><span style=\"font-weight: 400;\">\u00a0A decis\u00e3o do principal torneio entre clubes seria decidida no \u00faltimo m\u00eas em Istambul na Turquia, no entanto, devido a pandemia do Coronav\u00edrus no pa\u00eds, a UEFA estuda alterar a sede da final do torneio.<\/span><\/p>\n<p><span style=\"font-weight: 400;\">Em uma entrevista para uma emissora de televis\u00e3o, o prefeito de Madri diz que mostra total apoio nas negocia\u00e7\u00f5es e que a chegada do principal torneio entre clubes do mundo na capital, ser\u00e1 vista de forma bem positiva:<\/span><\/p>\n<p><span style=\"font-weight: 400;\">&#8220;Seria uma \u00f3tima not\u00edcia para a cidade de Madri. Sediar um evento internacional como a final da Liga dos Campe\u00f5es \u00e9 muito importante, mas tamb\u00e9m nessas circunst\u00e2ncias, o que demonstraria a capacidade de Madri de se recuperar em muito pouco tempo da situa\u00e7\u00e3o dram\u00e1tica pela qual passamos &#8220;, disse o prefeito em entrevista.<\/span><\/p>\n<p><span style=\"font-weight: 400;\">Almeida acrescenta que essa possibilidade de sediar a grande decis\u00e3o, se deve em grande parte \u00e0s infra-estruturas e servi\u00e7os p\u00fablicos dispon\u00edveis pela capital da Espanha:<\/span><\/p>\n<p><span style=\"font-weight: 400;\">\u201cAs condi\u00e7\u00f5es corretas de seguran\u00e7a est\u00e3o em vigor, temos as infra-estruturas e os servi\u00e7os p\u00fablicos que nos permitem hosped\u00e1-lo e, por outro lado, seria uma mensagem ao mundo que Madri, \u00e9 claro, apesar do drama que vivenciamos, n\u00e3o est\u00e1 desistindo e que Madri est\u00e1 de volta.&#8221;<\/span><\/p>\n<p><b>Outras alternativas<\/b><\/p>\n<p><span style=\"font-weight: 400;\">No \u00faltimo dia 4, diversas ag\u00eancias e portais de not\u00edcias na europa, noticiaram que a UEFA estuda levar a final da Liga dos Campe\u00f5es para Portugal ou Alemanha, sendo assim concorrentes com a Espanha. No caso dos portugueses, a fase final da competi\u00e7\u00e3o seria realizada na capital Lisboa, onde Est\u00e1dio da Luz seria palco da final e o Est\u00e1dio Jos\u00e9 Alvalade, tamb\u00e9m em Lisboa, seria utilizado como est\u00e1dio de apoio para receber os jogos das oitavas ou quartas de final.<\/span><\/p>\n<p><span style=\"font-weight: 400;\">J\u00e1 no caso da Alemanha, os candidatos seriam a Arena de Munique, casa do Bayern e a Commerzbank-Arena, casa do Eintracht Frankfurt. Neste caso, as duas cidades disputam para receber a grande decis\u00e3o.<\/span><\/p>\n<p><b>Escolha das sedes<\/b><\/p>\n<p><span style=\"font-weight: 400;\">No pr\u00f3ximo dia 17 deste m\u00eas, a UEFA realizar\u00e1 uma reuni\u00e3o com seu Comit\u00ea Executivo, para definir o t\u00e9rmino das competi\u00e7\u00f5es europeias e consequentemente a defini\u00e7\u00e3o das cidades-sedes.\u00a0<\/span><\/p>\n<p><span style=\"font-weight: 400;\">A pandemia do Coronav\u00edrus obrigou a UEFA a adiar ou cancelar a maioria dos jogos, e a Liga dos Campe\u00f5es est\u00e1 suspensa desde 11 de mar\u00e7o, com Paris Saint-Germain, Atl\u00e9tico de Madrid, RB Leipzig e Atalanta classificados para as quartas de final.<\/span><\/p>\n<p>&nbsp;<\/p>\n","protected":false},"excerpt":{"rendered":"<p>O prefeito de Madri, Jos\u00e9 Luis Mart\u00ednez-Almeida, afirma que a capital espanhola est\u00e1 em negocia\u00e7\u00f5es com a UEFA, para que seja a cidade-sede da final da Liga dos Campe\u00f5es deste ano. Segundo informa\u00e7\u00f5es do jornal espanhol Mundo Deportivo, o palco seria o Est\u00e1dio Wanda Metropolitano, casa do Atl\u00e9tico de Madri e tamb\u00e9m da decis\u00e3o de [&hellip;]<\/p>\n","protected":false},"author":96,"featured_media":162014,"comment_status":"closed","ping_status":"closed","sticky":false,"template":"","format":"standard","meta":{"footnotes":""},"categories":[436,257,439],"tags":[],"class_list":["post-162013","post","type-post","status-publish","format-standard","has-post-thumbnail","hentry","category-destaque-da-semana","category-esporte","category-ultima-hora"],"_links":{"self":[{"href":"https:\/\/diarioregionaldigital.com.br\/index.php?rest_route=\/wp\/v2\/posts\/162013","targetHints":{"allow":["GET"]}}],"collection":[{"href":"https:\/\/diarioregionaldigital.com.br\/index.php?rest_route=\/wp\/v2\/posts"}],"about":[{"href":"https:\/\/diarioregionaldigital.com.br\/index.php?rest_route=\/wp\/v2\/types\/post"}],"author":[{"embeddable":true,"href":"https:\/\/diarioregionaldigital.com.br\/index.php?rest_route=\/wp\/v2\/users\/96"}],"replies":[{"embeddable":true,"href":"https:\/\/diarioregionaldigital.com.br\/index.php?rest_route=%2Fwp%2Fv2%2Fcomments&post=162013"}],"version-history":[{"count":0,"href":"https:\/\/diarioregionaldigital.com.br\/index.php?rest_route=\/wp\/v2\/posts\/162013\/revisions"}],"wp:featuredmedia":[{"embeddable":true,"href":"https:\/\/diarioregionaldigital.com.br\/index.php?rest_route=\/wp\/v2\/media\/162014"}],"wp:attachment":[{"href":"https:\/\/diarioregionaldigital.com.br\/index.php?rest_route=%2Fwp%2Fv2%2Fmedia&parent=162013"}],"wp:term":[{"taxonomy":"category","embeddable":true,"href":"https:\/\/diarioregionaldigital.com.br\/index.php?rest_route=%2Fwp%2Fv2%2Fcategories&post=162013"},{"taxonomy":"post_tag","embeddable":true,"href":"https:\/\/diarioregionaldigital.com.br\/index.php?rest_route=%2Fwp%2Fv2%2Ftags&post=162013"}],"curies":[{"name":"wp","href":"https:\/\/api.w.org\/{rel}","templated":true}]}}