{"id":162007,"date":"2020-06-09T13:46:57","date_gmt":"2020-06-09T16:46:57","guid":{"rendered":"https:\/\/diarioregionaldigital.com.br\/?p=162007"},"modified":"2020-06-09T13:46:57","modified_gmt":"2020-06-09T16:46:57","slug":"divulgacao-completa-sobre-covid-19-garante-transparencia-dizem-senadores","status":"publish","type":"post","link":"https:\/\/diarioregionaldigital.com.br\/?p=162007","title":{"rendered":"Divulga\u00e7\u00e3o completa sobre covid-19 garante transpar\u00eancia, dizem senadores"},"content":{"rendered":"<p><span style=\"font-weight: 400;\">A decis\u00e3o do ministro Alexandre de Moraes, do Supremo Tribunal Federal (STF), que obriga a retomada da divulga\u00e7\u00e3o dos dados acumulados sobre a pandemia de covid-19\u00a0 \u00e9 uma vit\u00f3ria da transpar\u00eancia. A avalia\u00e7\u00e3o \u00e9 de senadores, ao comentaram a liminar do ministro, que acatou pedido de partidos de oposi\u00e7\u00e3o para restabelecer o modelo anterior de compila\u00e7\u00e3o de dados estaduais, sem manipula\u00e7\u00e3o.<\/span><\/p>\n<p><span style=\"font-weight: 400;\">Na sexta-feira (6), o governo federal excluiu os dados relativos ao total de pessoas infectadas e mortas por covid-19 e passou a divulgar apenas os n\u00fameros das \u00faltimas 24 horas.<\/span><\/p>\n<p><span style=\"font-weight: 400;\">Procurado pela Ag\u00eancia Senado, o l\u00edder do governo no Congresso, Eduardo Gomes ( MDB-TO), disse que \u201cdecis\u00e3o judicial n\u00e3o se comenta, se cumpre\u201d. J\u00e1 o L\u00edder da Rede, Randolfe Rodrigues (AP), comemorou a decis\u00e3o do ministro Alexandre de Moraes. A Rede foi um dos partidos que ingressaram com a a\u00e7\u00e3o no STF.<\/span><\/p>\n<p><span style=\"font-weight: 400;\">\u201cVit\u00f3ria da Transpar\u00eancia. O ministro Alexandre de Moraes deferiu nosso pedido para obrigar o governo a manter a divulga\u00e7\u00e3o dos dados de infectados pelo coronav\u00edrus como era feito anteriormente\u201d, escreveu Randolfe.<\/span><\/p>\n<p><span style=\"font-weight: 400;\">\u201cVit\u00f3ria da transpar\u00eancia\u201d tamb\u00e9m foram as palavras usadas por Fabiano Contarato (Rede-ES) e pelo l\u00edder do PT, Rog\u00e9rio Carvalho (SE).<\/span><\/p>\n<p><span style=\"font-weight: 400;\">\u201cDerrota para o governo e vit\u00f3ria para a transpar\u00eancia. O STF restaura a garantia constitucional do direito \u00e0 informa\u00e7\u00e3o. Os dados epidemiol\u00f3gicos da covid s\u00e3o essenciais para o controle e o combate \u00e0 pandemia \u2014 Rog\u00e9rio em sua conta no Twitter.<\/span><\/p>\n<p><span style=\"font-weight: 400;\">Para a l\u00edder do Cidadania, Eliziane Gama (MA), o ministro Alexandre de Moraes restabeleceu a transpar\u00eancia nos n\u00fameros da covid-19.<\/span><\/p>\n<p><span style=\"font-weight: 400;\">\u201cO governo ter\u00e1 que manter a metodologia anterior com a divulga\u00e7\u00e3o do n\u00famero total de mortos. As institui\u00e7\u00f5es resistem, temos Judici\u00e1rio e Legislativo vigilantes\u201d, apontou.<\/span><\/p>\n<p><span style=\"font-weight: 400;\">L\u00edder do PSB, Veneziano Vital do R\u00eago (PB) escreveu: &#8220;Transpar\u00eancia. O Ministro Alexandre de Moraes determinou o governo a manter a divulga\u00e7\u00e3o dos dados de infectados pelo coronav\u00edrus como era realizada anteriormente\u201d. o senador \u00c2ngelo Coronel\u00a0 tamb\u00e9m classificou a decis\u00e3o do ministro como &#8220;acertada&#8221;.<\/span><\/p>\n<p><b>A\u00e7\u00e3o<\/b><\/p>\n<p><span style=\"font-weight: 400;\">Na a\u00e7\u00e3o de descumprimento de preceito fundamental (ADPF) apresentada ao STF, Rede Sustentabilidade, PSOL e PCdoB pediram que o governo federal fosse obrigado a divulgar os dados diariamente at\u00e9 as 19h30. O ministro determinou que a Advocacia-Geral da Uni\u00e3o (AGU) preste as informa\u00e7\u00f5es &#8220;que entender necess\u00e1rias&#8221; no prazo de 48 horas.<\/span><\/p>\n<p><span style=\"font-weight: 400;\">Na decis\u00e3o, o ministro apontou que a \u201ca gravidade da emerg\u00eancia causada pela pandemia de covid-19 exige das autoridades brasileiras, em todos os n\u00edveis de governo, a efetiva\u00e7\u00e3o concreta da prote\u00e7\u00e3o \u00e0 sa\u00fade p\u00fablica\u201d. Alexandre de Morares tamb\u00e9m ressaltou que a publicidade \u00e9 a regra na administra\u00e7\u00e3o p\u00fablica, al\u00e9m de ser um dos &#8220;vetores imprescind\u00edveis&#8221;.<\/span><\/p>\n<p><span style=\"font-weight: 400;\">&#8220;A Constitui\u00e7\u00e3o da Rep\u00fablica Federativa do Brasil, de 5 de outubro de 1988, consagrou expressamente o princ\u00edpio da publicidade como um dos vetores imprescind\u00edveis \u00e0 administra\u00e7\u00e3o p\u00fablica, conferindo-lhe absoluta prioridade na gest\u00e3o administrativa e garantindo pleno acesso \u00e0s informa\u00e7\u00f5es a toda a sociedade&#8221;, escreveu.<\/span><\/p>\n<p><b>Comiss\u00e3o mista<\/b><\/p>\n<p><span style=\"font-weight: 400;\">Diante da mudan\u00e7a na divulga\u00e7\u00e3o dos dados, o presidente do Senado, Davi Alcolumbre, informou que o Legislativo vai monitorar as informa\u00e7\u00f5es fornecidas pelas secretarias estaduais por meio da Comiss\u00e3o Mista Especial de Acompanhamento do Coronav\u00edrus.<\/span><\/p>\n<p><strong>Fonte:<\/strong> Ag\u00eancia Senado<\/p>\n","protected":false},"excerpt":{"rendered":"<p>A decis\u00e3o do ministro Alexandre de Moraes, do Supremo Tribunal Federal (STF), que obriga a retomada da divulga\u00e7\u00e3o dos dados acumulados sobre a pandemia de covid-19\u00a0 \u00e9 uma vit\u00f3ria da transpar\u00eancia. A avalia\u00e7\u00e3o \u00e9 de senadores, ao comentaram a liminar do ministro, que acatou pedido de partidos de oposi\u00e7\u00e3o para restabelecer o modelo anterior de [&hellip;]<\/p>\n","protected":false},"author":96,"featured_media":162008,"comment_status":"closed","ping_status":"closed","sticky":false,"template":"","format":"standard","meta":{"footnotes":""},"categories":[436,440,254,439],"tags":[],"class_list":["post-162007","post","type-post","status-publish","format-standard","has-post-thumbnail","hentry","category-destaque-da-semana","category-destaques-do-dia","category-politica","category-ultima-hora"],"_links":{"self":[{"href":"https:\/\/diarioregionaldigital.com.br\/index.php?rest_route=\/wp\/v2\/posts\/162007","targetHints":{"allow":["GET"]}}],"collection":[{"href":"https:\/\/diarioregionaldigital.com.br\/index.php?rest_route=\/wp\/v2\/posts"}],"about":[{"href":"https:\/\/diarioregionaldigital.com.br\/index.php?rest_route=\/wp\/v2\/types\/post"}],"author":[{"embeddable":true,"href":"https:\/\/diarioregionaldigital.com.br\/index.php?rest_route=\/wp\/v2\/users\/96"}],"replies":[{"embeddable":true,"href":"https:\/\/diarioregionaldigital.com.br\/index.php?rest_route=%2Fwp%2Fv2%2Fcomments&post=162007"}],"version-history":[{"count":0,"href":"https:\/\/diarioregionaldigital.com.br\/index.php?rest_route=\/wp\/v2\/posts\/162007\/revisions"}],"wp:featuredmedia":[{"embeddable":true,"href":"https:\/\/diarioregionaldigital.com.br\/index.php?rest_route=\/wp\/v2\/media\/162008"}],"wp:attachment":[{"href":"https:\/\/diarioregionaldigital.com.br\/index.php?rest_route=%2Fwp%2Fv2%2Fmedia&parent=162007"}],"wp:term":[{"taxonomy":"category","embeddable":true,"href":"https:\/\/diarioregionaldigital.com.br\/index.php?rest_route=%2Fwp%2Fv2%2Fcategories&post=162007"},{"taxonomy":"post_tag","embeddable":true,"href":"https:\/\/diarioregionaldigital.com.br\/index.php?rest_route=%2Fwp%2Fv2%2Ftags&post=162007"}],"curies":[{"name":"wp","href":"https:\/\/api.w.org\/{rel}","templated":true}]}}