{"id":162004,"date":"2020-06-09T13:41:07","date_gmt":"2020-06-09T16:41:07","guid":{"rendered":"https:\/\/diarioregionaldigital.com.br\/?p=162004"},"modified":"2020-06-09T13:41:07","modified_gmt":"2020-06-09T16:41:07","slug":"cbf-retira-candidatura-do-brasil-para-sediar-copa-do-mundo-feminina-2023","status":"publish","type":"post","link":"https:\/\/diarioregionaldigital.com.br\/?p=162004","title":{"rendered":"CBF retira candidatura do Brasil para sediar Copa do Mundo Feminina 2023"},"content":{"rendered":"<p><span style=\"font-weight: 400;\">Sem garantidas do Governo Federal, a Confedera\u00e7\u00e3o Brasileira de Futebol (CBF), anunciou a retirada do Brasil como candidato para sediar a Copa do Mundo Feminina de 2023.\u00a0<\/span><\/p>\n<p><span style=\"font-weight: 400;\">Em nota oficial, a entidade m\u00e1xima do futebol brasileiro diz que a FIFA fez uma an\u00e1lise da documenta\u00e7\u00e3o da candidatura e foi constatado \u201cque n\u00e3o foram apresentadas as garantias do Governo Federal e documentos de terceiras partes, p\u00fablicas e privadas, envolvidas na realiza\u00e7\u00e3o do evento\u201d.<\/span><\/p>\n<p><span style=\"font-weight: 400;\">Em um dos trechos do comunicado oficial, a entidade diz que o Governo Federal enviou uma carta para a FIFA \u201cna qual garantiu que o pa\u00eds est\u00e1 absolutamente apto a receber o evento do ponto de vista estrutural, como j\u00e1 o fez em situa\u00e7\u00f5es anteriores. No entanto, ressaltou que, por conta do cen\u00e1rio de austeridade econ\u00f4mica e fiscal, fomentado pelos impactos da pandemia da Covid-19, n\u00e3o seria recomend\u00e1vel, neste momento, a assinatura das garantias solicitadas pela FIFA\u201d.<\/span><\/p>\n<p><span style=\"font-weight: 400;\">Ao retirar sua candidatura, a CBF diz que ir\u00e1 dar total apoio \u00e0 Col\u00f4mbia, na disputa pela sede da Copa do Mundo. O pa\u00eds sul-americano concorre contra Jap\u00e3o e a dobradinha Austr\u00e1lia\/Nova Zel\u00e2ndia. A sede oficial ser\u00e1 divulgada pela FIFA no dia 25 deste m\u00eas.<\/span><\/p>\n","protected":false},"excerpt":{"rendered":"<p>Sem garantidas do Governo Federal, a Confedera\u00e7\u00e3o Brasileira de Futebol (CBF), anunciou a retirada do Brasil como candidato para sediar a Copa do Mundo Feminina de 2023.\u00a0 Em nota oficial, a entidade m\u00e1xima do futebol brasileiro diz que a FIFA fez uma an\u00e1lise da documenta\u00e7\u00e3o da candidatura e foi constatado \u201cque n\u00e3o foram apresentadas as [&hellip;]<\/p>\n","protected":false},"author":96,"featured_media":162005,"comment_status":"closed","ping_status":"closed","sticky":false,"template":"","format":"standard","meta":{"footnotes":""},"categories":[436,257,439],"tags":[],"class_list":["post-162004","post","type-post","status-publish","format-standard","has-post-thumbnail","hentry","category-destaque-da-semana","category-esporte","category-ultima-hora"],"_links":{"self":[{"href":"https:\/\/diarioregionaldigital.com.br\/index.php?rest_route=\/wp\/v2\/posts\/162004","targetHints":{"allow":["GET"]}}],"collection":[{"href":"https:\/\/diarioregionaldigital.com.br\/index.php?rest_route=\/wp\/v2\/posts"}],"about":[{"href":"https:\/\/diarioregionaldigital.com.br\/index.php?rest_route=\/wp\/v2\/types\/post"}],"author":[{"embeddable":true,"href":"https:\/\/diarioregionaldigital.com.br\/index.php?rest_route=\/wp\/v2\/users\/96"}],"replies":[{"embeddable":true,"href":"https:\/\/diarioregionaldigital.com.br\/index.php?rest_route=%2Fwp%2Fv2%2Fcomments&post=162004"}],"version-history":[{"count":0,"href":"https:\/\/diarioregionaldigital.com.br\/index.php?rest_route=\/wp\/v2\/posts\/162004\/revisions"}],"wp:featuredmedia":[{"embeddable":true,"href":"https:\/\/diarioregionaldigital.com.br\/index.php?rest_route=\/wp\/v2\/media\/162005"}],"wp:attachment":[{"href":"https:\/\/diarioregionaldigital.com.br\/index.php?rest_route=%2Fwp%2Fv2%2Fmedia&parent=162004"}],"wp:term":[{"taxonomy":"category","embeddable":true,"href":"https:\/\/diarioregionaldigital.com.br\/index.php?rest_route=%2Fwp%2Fv2%2Fcategories&post=162004"},{"taxonomy":"post_tag","embeddable":true,"href":"https:\/\/diarioregionaldigital.com.br\/index.php?rest_route=%2Fwp%2Fv2%2Ftags&post=162004"}],"curies":[{"name":"wp","href":"https:\/\/api.w.org\/{rel}","templated":true}]}}