{"id":162002,"date":"2020-06-09T11:19:43","date_gmt":"2020-06-09T14:19:43","guid":{"rendered":"https:\/\/diarioregionaldigital.com.br\/?p=162002"},"modified":"2020-06-09T11:19:43","modified_gmt":"2020-06-09T14:19:43","slug":"dois-jovens-sao-presos-por-posse-de-drogas-na-nova-germania","status":"publish","type":"post","link":"https:\/\/diarioregionaldigital.com.br\/?p=162002","title":{"rendered":"Dois jovens s\u00e3o presos por posse de drogas na Nova Germ\u00e2nia"},"content":{"rendered":"<p>A guarni\u00e7\u00e3o da Pol\u00edcia Militar (PM) realizava um patrulhamento pelo Bairro Nova Germ\u00e2nia (Regi\u00e3o Oeste), quando recebeu informa\u00e7\u00f5es acerca de um tr\u00e1fico de drogas no local. Com o endere\u00e7o em m\u00e3os, os policiais deslocaram para o local, onde identificou dois jovens de 20 e 22 anos. Logo em seguida, os infratores foram abordados e submetidos a busca pessoal, onde foi localizado 14 buchas de subst\u00e2ncia semelhante a maconha, 25 papelotes de subst\u00e2ncia semelhante a coca\u00edna, duas porc\u00f5es semelhante a coca\u00edna, uma balan\u00e7a de precis\u00e3o e R$207,00 em dinheiro. Os autores presos em flagrante e conduzidos para a Delegacia para as demais provid\u00eancias.<\/p>\n","protected":false},"excerpt":{"rendered":"<p>A guarni\u00e7\u00e3o da Pol\u00edcia Militar (PM) realizava um patrulhamento pelo Bairro Nova Germ\u00e2nia (Regi\u00e3o Oeste), quando recebeu informa\u00e7\u00f5es acerca de um tr\u00e1fico de drogas no local. Com o endere\u00e7o em m\u00e3os, os policiais deslocaram para o local, onde identificou dois jovens de 20 e 22 anos. Logo em seguida, os infratores foram abordados e submetidos [&hellip;]<\/p>\n","protected":false},"author":96,"featured_media":161269,"comment_status":"closed","ping_status":"closed","sticky":false,"template":"","format":"standard","meta":{"footnotes":""},"categories":[301,436,439],"tags":[],"class_list":["post-162002","post","type-post","status-publish","format-standard","has-post-thumbnail","hentry","category-artigos-policiais","category-destaque-da-semana","category-ultima-hora"],"_links":{"self":[{"href":"https:\/\/diarioregionaldigital.com.br\/index.php?rest_route=\/wp\/v2\/posts\/162002","targetHints":{"allow":["GET"]}}],"collection":[{"href":"https:\/\/diarioregionaldigital.com.br\/index.php?rest_route=\/wp\/v2\/posts"}],"about":[{"href":"https:\/\/diarioregionaldigital.com.br\/index.php?rest_route=\/wp\/v2\/types\/post"}],"author":[{"embeddable":true,"href":"https:\/\/diarioregionaldigital.com.br\/index.php?rest_route=\/wp\/v2\/users\/96"}],"replies":[{"embeddable":true,"href":"https:\/\/diarioregionaldigital.com.br\/index.php?rest_route=%2Fwp%2Fv2%2Fcomments&post=162002"}],"version-history":[{"count":0,"href":"https:\/\/diarioregionaldigital.com.br\/index.php?rest_route=\/wp\/v2\/posts\/162002\/revisions"}],"wp:featuredmedia":[{"embeddable":true,"href":"https:\/\/diarioregionaldigital.com.br\/index.php?rest_route=\/wp\/v2\/media\/161269"}],"wp:attachment":[{"href":"https:\/\/diarioregionaldigital.com.br\/index.php?rest_route=%2Fwp%2Fv2%2Fmedia&parent=162002"}],"wp:term":[{"taxonomy":"category","embeddable":true,"href":"https:\/\/diarioregionaldigital.com.br\/index.php?rest_route=%2Fwp%2Fv2%2Fcategories&post=162002"},{"taxonomy":"post_tag","embeddable":true,"href":"https:\/\/diarioregionaldigital.com.br\/index.php?rest_route=%2Fwp%2Fv2%2Ftags&post=162002"}],"curies":[{"name":"wp","href":"https:\/\/api.w.org\/{rel}","templated":true}]}}