{"id":161999,"date":"2020-06-09T11:01:58","date_gmt":"2020-06-09T14:01:58","guid":{"rendered":"https:\/\/diarioregionaldigital.com.br\/?p=161999"},"modified":"2020-06-09T11:01:58","modified_gmt":"2020-06-09T14:01:58","slug":"oms-transmissao-de-covid-19-a-partir-de-assintomaticos-e-muito-rara","status":"publish","type":"post","link":"https:\/\/diarioregionaldigital.com.br\/?p=161999","title":{"rendered":"OMS: transmiss\u00e3o de covid-19 a partir de assintom\u00e1ticos \u00e9 \u201cmuito rara\u201d"},"content":{"rendered":"<p>A infectologista e chefe do departamento de doen\u00e7as emergentes da Organiza\u00e7\u00e3o Mundial da Sa\u00fade (OMS), Maria Van Kerkhove, afirmou na segunda-feira (8) durante a confer\u00eancia de imprensa di\u00e1ria sobre o novo coronav\u00edrus que a propaga\u00e7\u00e3o de covid-19 a partir de pacientes assintom\u00e1ticos \u00e9 \u201cmuito rara.\u201d<img decoding=\"async\" src=\"https:\/\/agenciabrasil.ebc.com.br\/ebc.png?id=1309107&amp;o=node\" \/><\/p>\n<p>Segundo a m\u00e9dica, os dados levantados at\u00e9 agora mostram que pessoas que n\u00e3o apresentam os sintomas da doen\u00e7a possuem pouco\u00a0potencial infectol\u00f3gico para contaminar indiv\u00edduos saud\u00e1veis. De acordo com a especialista, deve haver esfor\u00e7os dos governos para identificar e isolar pessoas que apresentam sintomas.<\/p>\n<p>\u201cN\u00f3s sabemos que existem pessoas que podem ser genuinamente assintom\u00e1ticas e ter o PCR (teste realizado para detectar a presen\u00e7a do v\u00edrus no organismo) positivo. Esses indiv\u00edduos precisam ser analisados cuidadosamente para entender a transmiss\u00e3o. H\u00e1 pa\u00edses que est\u00e3o fazendo uma an\u00e1lise detalhada desses indiv\u00edduos, e eles n\u00e3o est\u00e3o achando transmiss\u00e3o secund\u00e1ria. \u00c9 muito rara,\u201d, afirmou a m\u00e9dica ao ser questionada por jornalistas.<\/p>\n<p>Ainda segundo Kerkhove, \u00e9 necess\u00e1rio tra\u00e7ar todos os contatos que pessoas que desenvolveram a doen\u00e7a tiveram com outros indiv\u00edduos. A infectologista afirmou ainda que \u00e9 necess\u00e1rio realizar mais estudos para chegar a uma \u201cresposta verdadeira\u201d sobre todas as formas de transmiss\u00e3o do novo coronav\u00edrus.<\/p>\n<p><strong>Fonte:\u00a0<\/strong>Ag\u00eancia Brasil<\/p>\n","protected":false},"excerpt":{"rendered":"<p>A infectologista e chefe do departamento de doen\u00e7as emergentes da Organiza\u00e7\u00e3o Mundial da Sa\u00fade (OMS), Maria Van Kerkhove, afirmou na segunda-feira (8) durante a confer\u00eancia de imprensa di\u00e1ria sobre o novo coronav\u00edrus que a propaga\u00e7\u00e3o de covid-19 a partir de pacientes assintom\u00e1ticos \u00e9 \u201cmuito rara.\u201d Segundo a m\u00e9dica, os dados levantados at\u00e9 agora mostram que [&hellip;]<\/p>\n","protected":false},"author":96,"featured_media":162000,"comment_status":"closed","ping_status":"closed","sticky":false,"template":"","format":"standard","meta":{"footnotes":""},"categories":[302,436,439],"tags":[],"class_list":["post-161999","post","type-post","status-publish","format-standard","has-post-thumbnail","hentry","category-brasil-mundo","category-destaque-da-semana","category-ultima-hora"],"_links":{"self":[{"href":"https:\/\/diarioregionaldigital.com.br\/index.php?rest_route=\/wp\/v2\/posts\/161999","targetHints":{"allow":["GET"]}}],"collection":[{"href":"https:\/\/diarioregionaldigital.com.br\/index.php?rest_route=\/wp\/v2\/posts"}],"about":[{"href":"https:\/\/diarioregionaldigital.com.br\/index.php?rest_route=\/wp\/v2\/types\/post"}],"author":[{"embeddable":true,"href":"https:\/\/diarioregionaldigital.com.br\/index.php?rest_route=\/wp\/v2\/users\/96"}],"replies":[{"embeddable":true,"href":"https:\/\/diarioregionaldigital.com.br\/index.php?rest_route=%2Fwp%2Fv2%2Fcomments&post=161999"}],"version-history":[{"count":0,"href":"https:\/\/diarioregionaldigital.com.br\/index.php?rest_route=\/wp\/v2\/posts\/161999\/revisions"}],"wp:featuredmedia":[{"embeddable":true,"href":"https:\/\/diarioregionaldigital.com.br\/index.php?rest_route=\/wp\/v2\/media\/162000"}],"wp:attachment":[{"href":"https:\/\/diarioregionaldigital.com.br\/index.php?rest_route=%2Fwp%2Fv2%2Fmedia&parent=161999"}],"wp:term":[{"taxonomy":"category","embeddable":true,"href":"https:\/\/diarioregionaldigital.com.br\/index.php?rest_route=%2Fwp%2Fv2%2Fcategories&post=161999"},{"taxonomy":"post_tag","embeddable":true,"href":"https:\/\/diarioregionaldigital.com.br\/index.php?rest_route=%2Fwp%2Fv2%2Ftags&post=161999"}],"curies":[{"name":"wp","href":"https:\/\/api.w.org\/{rel}","templated":true}]}}