{"id":161993,"date":"2020-06-09T10:56:50","date_gmt":"2020-06-09T13:56:50","guid":{"rendered":"https:\/\/diarioregionaldigital.com.br\/?p=161993"},"modified":"2020-06-09T10:56:50","modified_gmt":"2020-06-09T13:56:50","slug":"indicador-antecedente-de-emprego-da-fgv-registra-alta-em-maio","status":"publish","type":"post","link":"https:\/\/diarioregionaldigital.com.br\/?p=161993","title":{"rendered":"Indicador Antecedente de Emprego da FGV registra alta em maio"},"content":{"rendered":"<p><span style=\"font-weight: 400;\">Ap\u00f3s atingir o m\u00ednimo hist\u00f3rico em abril e acumular perda de 52,6 pontos no trimestre de fevereiro a abril, o Indicador Antecedente de Emprego (IAEmp) da Funda\u00e7\u00e3o Getulio Vargas (FGV) subiu 3,0 pontos em maio e atingiu 42,7 pontos. De acordo com a FGV, em m\u00e9dias m\u00f3veis trimestrais, o IAEmp recuou 16,4 pontos, passando a 55,0 pontos.<\/span><\/p>\n<p><span style=\"font-weight: 400;\">Ap\u00f3s atingir o menor n\u00edvel desde 2008 em abril, o IAEmp registrou, em maio, varia\u00e7\u00e3o positiva. Para o economista do Instituto Brasileiro de Economia da Funda\u00e7\u00e3o (FGV-IBRE) Rodolpho Tobler, apesar de ter sido positivo em maio, depois de atingir em abril o menor n\u00edvel desde 2008, o resultado pode ser interpretado como uma acomoda\u00e7\u00e3o do \u00edndice em patamar muito baixo, considerando que esse ainda \u00e9 o segundo menor valor da s\u00e9rie.<\/span><\/p>\n<p><span style=\"font-weight: 400;\">\u201cA elevada incerteza ainda n\u00e3o permite imaginar cen\u00e1rios de recupera\u00e7\u00e3o do mercado de trabalho no curto prazo, o que deve fazer com que o indicador continue registrando n\u00fameros baixos nos pr\u00f3ximos meses\u201d, avaliou Tobler.<\/span><\/p>\n<p><b>ICD<\/b><\/p>\n<p><span style=\"font-weight: 400;\">O Indicador Coincidente de Desemprego (ICD) subiu 1,2 ponto em maio, alcan\u00e7ando 99,6 pontos. Segundo a FGV, esse \u00e9 maior patamar desde outubro de 2018, quando atingiu 100,2 pontos. O ICD \u00e9 um indicador com sinal semelhante ao da taxa de desemprego, por isso, quanto maior o n\u00famero, pior o resultado.\u00a0<\/span><\/p>\n<p><span style=\"font-weight: 400;\">Nas m\u00e9dias m\u00f3veis trimestrais, o aumento \u00e9 de 2,5 pontos chegando a 96,8 pontos. Na vis\u00e3o de Rodolpho Tobler, o indicador reflete tend\u00eancia negativa do mercado de trabalho. \u201cO ICD mant\u00e9m, em maio, a tend\u00eancia de piora no mercado de trabalho iniciada nos \u00faltimos meses. O resultado sugere que a taxa de desemprego deve sofrer impacto negativo j\u00e1 no segundo trimestre, e ainda sem indica\u00e7\u00f5es de revers\u00e3o dessa tend\u00eancia no curto\/m\u00e9dio prazo\u201d, observou.<\/span><\/p>\n<p><b>Destaques<\/b><\/p>\n<p><span style=\"font-weight: 400;\">Ainda conforme a FGV, cinco dos sete componentes do IAEmp subiram em maio, o que sugere acomoda\u00e7\u00e3o ap\u00f3s o baque do m\u00eas anterior. Os que mais subiram no m\u00eas foram os indicadores de Emprego Previsto no setor de Servi\u00e7os e de Tend\u00eancia dos Neg\u00f3cios da Ind\u00fastria. Na margem, respectivamente, variaram 5,6 pontos e 5,5 pontos.\u00a0<\/span><\/p>\n<p><span style=\"font-weight: 400;\">De acordo com a FGV, no mesmo per\u00edodo, o aumento do ICD foi influenciado por todas as quatro classes de renda familiar. A maior contribui\u00e7\u00e3o para o resultado foi dada pela classe familiar com renda at\u00e9 R$ 2.100 e pela classe com renda entre R$ 2.100 e R$ 4.800. Nessas classes, o Emprego Local Atual variou negativamente em 2,0 pontos e 1,4 ponto na margem.<\/span><\/p>\n<p><b>IAEmp e ICD<\/b><\/p>\n<p><span style=\"font-weight: 400;\">Relacionado, positivamente, ao n\u00edvel de emprego no pa\u00eds, o IAEmp \u00e9 elaborado a partir da combina\u00e7\u00e3o de s\u00e9ries extra\u00eddas das Sondagens da Ind\u00fastria, de Servi\u00e7os e do Consumidor, e antecipa os rumos do mercado de trabalho no pa\u00eds. J\u00e1 o ICD \u00e9 constru\u00eddo com base nos dados desagregados, em quatro classes de renda familiar, do quesito da Sondagem do Consumidor que capta a percep\u00e7\u00e3o do entrevistado a respeito da situa\u00e7\u00e3o presente do mercado de trabalho. Assim, o indicador capta a percep\u00e7\u00e3o das fam\u00edlias sobre o mercado de trabalho, sem refletir, por exemplo, a diminui\u00e7\u00e3o da procura de emprego motivada por desalento. O ICD varia no mesmo sentido na taxa de desemprego.<\/span><\/p>\n<p><strong>Fonte:<\/strong> Ag\u00eancia Brasil<\/p>\n","protected":false},"excerpt":{"rendered":"<p>Ap\u00f3s atingir o m\u00ednimo hist\u00f3rico em abril e acumular perda de 52,6 pontos no trimestre de fevereiro a abril, o Indicador Antecedente de Emprego (IAEmp) da Funda\u00e7\u00e3o Getulio Vargas (FGV) subiu 3,0 pontos em maio e atingiu 42,7 pontos. De acordo com a FGV, em m\u00e9dias m\u00f3veis trimestrais, o IAEmp recuou 16,4 pontos, passando a [&hellip;]<\/p>\n","protected":false},"author":96,"featured_media":161994,"comment_status":"closed","ping_status":"closed","sticky":false,"template":"","format":"standard","meta":{"footnotes":""},"categories":[436,261,439],"tags":[],"class_list":["post-161993","post","type-post","status-publish","format-standard","has-post-thumbnail","hentry","category-destaque-da-semana","category-economia","category-ultima-hora"],"_links":{"self":[{"href":"https:\/\/diarioregionaldigital.com.br\/index.php?rest_route=\/wp\/v2\/posts\/161993","targetHints":{"allow":["GET"]}}],"collection":[{"href":"https:\/\/diarioregionaldigital.com.br\/index.php?rest_route=\/wp\/v2\/posts"}],"about":[{"href":"https:\/\/diarioregionaldigital.com.br\/index.php?rest_route=\/wp\/v2\/types\/post"}],"author":[{"embeddable":true,"href":"https:\/\/diarioregionaldigital.com.br\/index.php?rest_route=\/wp\/v2\/users\/96"}],"replies":[{"embeddable":true,"href":"https:\/\/diarioregionaldigital.com.br\/index.php?rest_route=%2Fwp%2Fv2%2Fcomments&post=161993"}],"version-history":[{"count":0,"href":"https:\/\/diarioregionaldigital.com.br\/index.php?rest_route=\/wp\/v2\/posts\/161993\/revisions"}],"wp:featuredmedia":[{"embeddable":true,"href":"https:\/\/diarioregionaldigital.com.br\/index.php?rest_route=\/wp\/v2\/media\/161994"}],"wp:attachment":[{"href":"https:\/\/diarioregionaldigital.com.br\/index.php?rest_route=%2Fwp%2Fv2%2Fmedia&parent=161993"}],"wp:term":[{"taxonomy":"category","embeddable":true,"href":"https:\/\/diarioregionaldigital.com.br\/index.php?rest_route=%2Fwp%2Fv2%2Fcategories&post=161993"},{"taxonomy":"post_tag","embeddable":true,"href":"https:\/\/diarioregionaldigital.com.br\/index.php?rest_route=%2Fwp%2Fv2%2Ftags&post=161993"}],"curies":[{"name":"wp","href":"https:\/\/api.w.org\/{rel}","templated":true}]}}