{"id":161990,"date":"2020-06-09T10:48:09","date_gmt":"2020-06-09T13:48:09","guid":{"rendered":"https:\/\/diarioregionaldigital.com.br\/?p=161990"},"modified":"2020-06-09T10:48:09","modified_gmt":"2020-06-09T13:48:09","slug":"deficit-previdenciario-do-estado-cresce-r-500-milhoes-nos-cinco-primeiros-meses-de-2020","status":"publish","type":"post","link":"https:\/\/diarioregionaldigital.com.br\/?p=161990","title":{"rendered":"D\u00e9ficit previdenci\u00e1rio do Estado cresce R$ 500 milh\u00f5es nos cinco primeiros meses de 2020"},"content":{"rendered":"<p><span style=\"font-weight: 400;\">O d\u00e9ficit do Governo de Minas Gerais com a Previd\u00eancia dos servidores foi de R$ 6,580 bilh\u00f5es, nos cinco primeiros meses de 2020. Isso significa que somente as contribui\u00e7\u00f5es atuais dos funcion\u00e1rios p\u00fablicos e a contrapartida do empregador (Estado) n\u00e3o foram suficientes para cobrir as despesas previdenci\u00e1rias. Por isso, esse montante teve que ser aportado pelo Tesouro Estadual para pagar as aposentadorias e pens\u00f5es. Esse valor \u00e9 R$ 500 milh\u00f5es superior ao d\u00e9ficit registrado no mesmo per\u00edodo de 2019, que foi de R$ 6,080 bilh\u00f5es.<\/span><\/p>\n<p><span style=\"font-weight: 400;\">Os d\u00e9ficits previdenci\u00e1rios, ou seja, a diferen\u00e7a entre o que o Estado arrecada de contribui\u00e7\u00f5es e o que gasta, t\u00eam crescido exponencialmente, saltando de R$ 6,11 bilh\u00f5es em 2011 para R$ 18,6 bilh\u00f5es, em 2019. Para 2020, o d\u00e9ficit previdenci\u00e1rio previsto \u00e9 de R$ 19,1 bilh\u00f5es. Se nenhuma medida para conter esse ritmo for adotada, a estimativa \u00e9 o d\u00e9ficit acumulado no per\u00edodo 2019-2022 atinja R$ 78 bilh\u00f5es.<\/span><\/p>\n<p><span style=\"font-weight: 400;\">O gasto a mais do Tesouro com a Previd\u00eancia representa um impacto significativo na Receita Corrente L\u00edquida (RCL), que \u00e9 o recurso que efetivamente fica no caixa do Estado. De janeiro a maio de 2019, o d\u00e9ficit representou 22,3% da RCL. Em 2020, nos cinco primeiros meses, esse impacto foi maior: 23,7%. Em todo o ano de 2019, o impacto foi de 29% da RCL.<\/span><\/p>\n<p><b>Rombo<\/b><\/p>\n<p><span style=\"font-weight: 400;\">O tamanho do rombo refor\u00e7a a necessidade da implementa\u00e7\u00e3o da reforma da Previd\u00eancia estadual, conforme atesta o secret\u00e1rio de Estado de Fazenda, Gustavo Barbosa.<\/span><\/p>\n<p><span style=\"font-weight: 400;\">&#8220;A quest\u00e3o da Previd\u00eancia vem se agravando, ano ap\u00f3s ano, faz muito tempo, em fun\u00e7\u00e3o de o sistema previdenci\u00e1rio n\u00e3o acompanhar a mudan\u00e7a demogr\u00e1fica (o aumento do n\u00famero de aposentados). Sem o impacto causado pela Previd\u00eancia, o Estado teria registrado sucessivos super\u00e1vits fiscais, nos \u00faltimos anos. Praticamente um ter\u00e7o da nossa RCL \u00e9 consumido pelo d\u00e9ficit previdenci\u00e1rio. Esse recurso do Tesouro que \u00e9 utilizado para cobrir a diferen\u00e7a poderia estar sendo direcionado para \u00e1reas como Sa\u00fade, Seguran\u00e7a e Educa\u00e7\u00e3o&#8221;, afirma Gustavo Barbosa.<\/span><\/p>\n<p><span style=\"font-weight: 400;\">De acordo com o secret\u00e1rio, a reforma preparada pelo governo mineiro segue a proposta adotada pela Uni\u00e3o.\u00a0<\/span><\/p>\n<p><span style=\"font-weight: 400;\">&#8220;\u00c9 preciso deixar claro que a reforma n\u00e3o tem a pretens\u00e3o de zerar o d\u00e9ficit. Mas ela \u00e9 necess\u00e1ria para que, a curto, m\u00e9dio e longo prazos, esse problema gigantesco seja mitigado e mais recursos possam ser utilizados nas pol\u00edticas p\u00fablicas e at\u00e9 mesmo no pagamento dos sal\u00e1rios dos servidores&#8221;, ressalta o secret\u00e1rio de Fazenda.<\/span><\/p>\n<p><strong>Fonte:\u00a0<\/strong> Ag\u00eancia Minas<\/p>\n","protected":false},"excerpt":{"rendered":"<p>O d\u00e9ficit do Governo de Minas Gerais com a Previd\u00eancia dos servidores foi de R$ 6,580 bilh\u00f5es, nos cinco primeiros meses de 2020. Isso significa que somente as contribui\u00e7\u00f5es atuais dos funcion\u00e1rios p\u00fablicos e a contrapartida do empregador (Estado) n\u00e3o foram suficientes para cobrir as despesas previdenci\u00e1rias. Por isso, esse montante teve que ser aportado [&hellip;]<\/p>\n","protected":false},"author":96,"featured_media":161991,"comment_status":"closed","ping_status":"closed","sticky":false,"template":"","format":"standard","meta":{"footnotes":""},"categories":[436,261,439],"tags":[],"class_list":["post-161990","post","type-post","status-publish","format-standard","has-post-thumbnail","hentry","category-destaque-da-semana","category-economia","category-ultima-hora"],"_links":{"self":[{"href":"https:\/\/diarioregionaldigital.com.br\/index.php?rest_route=\/wp\/v2\/posts\/161990","targetHints":{"allow":["GET"]}}],"collection":[{"href":"https:\/\/diarioregionaldigital.com.br\/index.php?rest_route=\/wp\/v2\/posts"}],"about":[{"href":"https:\/\/diarioregionaldigital.com.br\/index.php?rest_route=\/wp\/v2\/types\/post"}],"author":[{"embeddable":true,"href":"https:\/\/diarioregionaldigital.com.br\/index.php?rest_route=\/wp\/v2\/users\/96"}],"replies":[{"embeddable":true,"href":"https:\/\/diarioregionaldigital.com.br\/index.php?rest_route=%2Fwp%2Fv2%2Fcomments&post=161990"}],"version-history":[{"count":0,"href":"https:\/\/diarioregionaldigital.com.br\/index.php?rest_route=\/wp\/v2\/posts\/161990\/revisions"}],"wp:featuredmedia":[{"embeddable":true,"href":"https:\/\/diarioregionaldigital.com.br\/index.php?rest_route=\/wp\/v2\/media\/161991"}],"wp:attachment":[{"href":"https:\/\/diarioregionaldigital.com.br\/index.php?rest_route=%2Fwp%2Fv2%2Fmedia&parent=161990"}],"wp:term":[{"taxonomy":"category","embeddable":true,"href":"https:\/\/diarioregionaldigital.com.br\/index.php?rest_route=%2Fwp%2Fv2%2Fcategories&post=161990"},{"taxonomy":"post_tag","embeddable":true,"href":"https:\/\/diarioregionaldigital.com.br\/index.php?rest_route=%2Fwp%2Fv2%2Ftags&post=161990"}],"curies":[{"name":"wp","href":"https:\/\/api.w.org\/{rel}","templated":true}]}}