{"id":161987,"date":"2020-06-09T10:39:51","date_gmt":"2020-06-09T13:39:51","guid":{"rendered":"https:\/\/diarioregionaldigital.com.br\/?p=161987"},"modified":"2020-06-09T10:39:51","modified_gmt":"2020-06-09T13:39:51","slug":"secretaria-de-saude-reforca-medidas-de-prevencao-contra-covid-19","status":"publish","type":"post","link":"https:\/\/diarioregionaldigital.com.br\/?p=161987","title":{"rendered":"Secretaria de Sa\u00fade refor\u00e7a medidas de preven\u00e7\u00e3o contra covid-19"},"content":{"rendered":"<p>Em coletiva virtual nessa segunda-feira (8), a Secretaria de Estado de Sa\u00fade (SES-MG)\u00a0voltou a refor\u00e7ar o pedido para que as pessoas continuem mantendo as medidas de distanciamento social e protocolos de higiene. A pasta tamb\u00e9m levou a p\u00fablico os dados do cen\u00e1rio epidemiol\u00f3gico do coronav\u00edrus no estado que, conforme boletim divulgado nesta data, indicam 15.883 casos confirmados, 8.646 casos em acompanhamento, 6.857 casos recuperados e 380 \u00f3bitos causados pela doen\u00e7a.<\/p>\n<p>De acordo com o secret\u00e1rio adjunto da SES-MG, Marcelo Cabral, o aumento nos n\u00fameros de casos confirmados de covid-19 no estado est\u00e1 relacionado \u00e0 aproxima\u00e7\u00e3o do pico da pandemia, previsto para 15 de julho, quando haver\u00e1, dentro das estimativas, aumento efetivo de contamina\u00e7\u00f5es (com previs\u00e3o de\u00a02.000 pessoas diagnosticadas). A acelera\u00e7\u00e3o \u00e9 explicada tamb\u00e9m pela maior dispers\u00e3o do v\u00edrus, o que torna imprescind\u00edvel que a popula\u00e7\u00e3o siga protocolos e orienta\u00e7\u00f5es.<\/p>\n<p>\u201c\u00c9 muito importante advertir sobre a necessidade de maior esfor\u00e7o, por parte da popula\u00e7\u00e3o, quanto \u00e0s medidas de distanciamento social e protocolos de higiene, como lavar as m\u00e3os com frequ\u00eancia. Seguir utilizando m\u00e1scaras o tempo todo tamb\u00e9m \u00e9 uma arma que temos para evitar a dispers\u00e3o do v\u00edrus\u201d, refor\u00e7ou o secret\u00e1rio adjunto da SES.<\/p>\n<p>Marcelo Cabral esclareceu, ainda,\u00a0que a dobra de casos e os dados projetados para pico s\u00e3o din\u00e2micos. Eles dependem do comportamento da popula\u00e7\u00e3o em rela\u00e7\u00e3o \u00e0 doen\u00e7a, para que os n\u00fameros caiam ou, pelo menos, sejam mantidos para o melhor enfrentamento da pandemia.<\/p>\n<p>\u00c9 exatamente por isso, segundo o chefe de gabinete da SES-MG, Jo\u00e3o Pinho,\u00a0\u00a0que a ades\u00e3o dos munic\u00edpios ao plano\u00a0Minas Consciente\u00a0se mostra fundamental. \u201cO Minas Consciente estabelece um roteiro seguro, com retomada da economia de forma gradual, de maneira respons\u00e1vel\u201d, disse.<\/p>\n<p>O plano do\u00a0Governo de Minas\u00a0foi criado, para auxiliar os munic\u00edpios na retomada gradual das atividades e servi\u00e7os, respeitando sempre um r\u00edgido sistema de crit\u00e9rios\u00a0e protocolos sanit\u00e1rios, para garantir a seguran\u00e7a dos cidad\u00e3os.<\/p>\n<p>Todas as a\u00e7\u00f5es propostas pelo Estado s\u00e3o baseadas em dados t\u00e9cnicos e cient\u00edficos, que demonstram a presen\u00e7a do Estado na tomada de decis\u00f5es. O Minas Consciente conta com a Sala de Monitoramento da SES-MG, que estuda e avalia os dados, semanalmente, para entender a evolu\u00e7\u00e3o da pandemia. Os estudos servem como refer\u00eancia para indicar\u00a0a possibilidade de avan\u00e7o, manuten\u00e7\u00e3o ou retrocesso de atividades econ\u00f4micas por regi\u00e3o.<\/p>\n<p>Com rela\u00e7\u00e3o \u00e0 curva de contamina\u00e7\u00e3o, mais importante que identificar de forma est\u00e1tica o dia do pico (casos naquele dia), \u00e9 acompanhar o comportamento do pico. Se a\u00a0cada semana\u00a0for\u00a0verificado que a proje\u00e7\u00e3o do pico de contamina\u00e7\u00e3o foi postergada, isso demonstra que a\u00e7\u00f5es est\u00e3o cada vez mais efetivas. Por outro lado, se ele for antecipado, significa que as a\u00e7\u00f5es n\u00e3o est\u00e3o t\u00e3o eficientes. E, caso o\u00a0pico se mantenha inalterado, significa que a tend\u00eancia \u00e9 mesmo a data projetada.<\/p>\n<p><strong>Testes<\/strong><\/p>\n<p>Consciente de que a testagem \u00e9 essencial, o Governo tem aumentado os grupos de testagem. \u201cPouco a pouco, estamos ampliando o n\u00famero de teste para que a gente consiga, cada vez mais, caminhar em dire\u00e7\u00e3o \u00e0s pessoas com sintomas leves. N\u00e3o temos como, devido \u00e0 crise internacional de insumos, fazer a testagem de todos que tem sintomas leves, neste momento. \u00c9 muito importante que pacientes que apresentam sintomas leves fiquem em quarentena por 14 dias para que, durante esse per\u00edodo, ela venha ou n\u00e3o desenvolver os sintomas e n\u00e3o transmita a doen\u00e7a para outras pessoas\u201d, destacou Pinho.<\/p>\n<p>O Governo de Minas j\u00e1 recebeu do Minist\u00e9rio da Sa\u00fade mais de 700 mil testes r\u00e1pidos, que est\u00e3o sendo distribu\u00eddos para os munic\u00edpios, conforme crit\u00e9rios estabelecidos pela Uni\u00e3o.<\/p>\n<p>Um ponto importante \u00e9 a flutua\u00e7\u00e3o de pre\u00e7os praticado pelas empresas na venda de insumos. \u201cEstamos, com todos os esfor\u00e7os, tentando\u00a0mitigar estas quest\u00f5es, estamos procurando os melhores fornecedores. Assim que conseguirmos resolver esse gargalo, vamos aumentar\u00a0de forma consider\u00e1vel a testagem\u201d, refor\u00e7ou o chefe de gabinete.<\/p>\n<p><strong>Subnotifica\u00e7\u00e3o<\/strong><\/p>\n<p>Em rela\u00e7\u00e3o \u00e0s subnotifica\u00e7\u00f5es, a Secretaria de Estado de Sa\u00fade (SES-MG)\u00a0destacou\u00a0que podem eventualmente ocorrer, mas n\u00e3o s\u00e3o causadas por erros, e sim uma caracter\u00edstica natural de qualquer pandemia. \u00a0\u201cSeguimos acompanhando e testando todos os casos que se enquadram nos crit\u00e9rios de testagem e todos os \u00f3bitos\u201d, disse o secret\u00e1rio adjunto Marcelo Cabral.<\/p>\n<p>Os esfor\u00e7os est\u00e3o sendo feitos no sentido de aplica\u00e7\u00e3o de testes, dentro da pol\u00edtica estabelecida pela SES-MG, nos casos que s\u00e3o trazidos como protocolos do Minist\u00e9rio da Sa\u00fade. Entre eles est\u00e3o: casos graves, internos do sistema penitenci\u00e1rio, asilados, profissionais da sa\u00fade e da seguran\u00e7a p\u00fablica sintom\u00e1ticos, portadoras de SRAG hospitalizadas, todos os \u00f3bitos, pessoas acometidas dentro de surtos locais, adolescentes em cumprimento de medidas restritivas e popula\u00e7\u00e3o ind\u00edgena aldeada.<\/p>\n<p><strong>Fonte:\u00a0<\/strong>Ag\u00eancia Minas<\/p>\n","protected":false},"excerpt":{"rendered":"<p>Em coletiva virtual nessa segunda-feira (8), a Secretaria de Estado de Sa\u00fade (SES-MG)\u00a0voltou a refor\u00e7ar o pedido para que as pessoas continuem mantendo as medidas de distanciamento social e protocolos de higiene. A pasta tamb\u00e9m levou a p\u00fablico os dados do cen\u00e1rio epidemiol\u00f3gico do coronav\u00edrus no estado que, conforme boletim divulgado nesta data, indicam 15.883 [&hellip;]<\/p>\n","protected":false},"author":96,"featured_media":161988,"comment_status":"closed","ping_status":"closed","sticky":false,"template":"","format":"standard","meta":{"footnotes":""},"categories":[436,254,439],"tags":[],"class_list":["post-161987","post","type-post","status-publish","format-standard","has-post-thumbnail","hentry","category-destaque-da-semana","category-politica","category-ultima-hora"],"_links":{"self":[{"href":"https:\/\/diarioregionaldigital.com.br\/index.php?rest_route=\/wp\/v2\/posts\/161987","targetHints":{"allow":["GET"]}}],"collection":[{"href":"https:\/\/diarioregionaldigital.com.br\/index.php?rest_route=\/wp\/v2\/posts"}],"about":[{"href":"https:\/\/diarioregionaldigital.com.br\/index.php?rest_route=\/wp\/v2\/types\/post"}],"author":[{"embeddable":true,"href":"https:\/\/diarioregionaldigital.com.br\/index.php?rest_route=\/wp\/v2\/users\/96"}],"replies":[{"embeddable":true,"href":"https:\/\/diarioregionaldigital.com.br\/index.php?rest_route=%2Fwp%2Fv2%2Fcomments&post=161987"}],"version-history":[{"count":0,"href":"https:\/\/diarioregionaldigital.com.br\/index.php?rest_route=\/wp\/v2\/posts\/161987\/revisions"}],"wp:featuredmedia":[{"embeddable":true,"href":"https:\/\/diarioregionaldigital.com.br\/index.php?rest_route=\/wp\/v2\/media\/161988"}],"wp:attachment":[{"href":"https:\/\/diarioregionaldigital.com.br\/index.php?rest_route=%2Fwp%2Fv2%2Fmedia&parent=161987"}],"wp:term":[{"taxonomy":"category","embeddable":true,"href":"https:\/\/diarioregionaldigital.com.br\/index.php?rest_route=%2Fwp%2Fv2%2Fcategories&post=161987"},{"taxonomy":"post_tag","embeddable":true,"href":"https:\/\/diarioregionaldigital.com.br\/index.php?rest_route=%2Fwp%2Fv2%2Ftags&post=161987"}],"curies":[{"name":"wp","href":"https:\/\/api.w.org\/{rel}","templated":true}]}}