{"id":161984,"date":"2020-06-09T10:35:46","date_gmt":"2020-06-09T13:35:46","guid":{"rendered":"https:\/\/diarioregionaldigital.com.br\/?p=161984"},"modified":"2020-06-09T10:35:46","modified_gmt":"2020-06-09T13:35:46","slug":"boletim-do-estado-aponta-aumento-de-19-obitos-em-minas-gerais","status":"publish","type":"post","link":"https:\/\/diarioregionaldigital.com.br\/?p=161984","title":{"rendered":"Boletim do estado aponta aumento de 19 \u00f3bitos em Minas Gerais"},"content":{"rendered":"<p>O\u00a0<a href=\"https:\/\/www.saude.mg.gov.br\/images\/Boletim_Epidemiologico_COVID-19_09.06.2020.pdf\">boletim epidemiol\u00f3gico<\/a> divulgado nesta ter\u00e7a-feira (9) pela Secretaria de Estado da Sa\u00fade de Minas Gerais (SES-MG), aponta aumento de 380 para 399 mortes confirmadas por Coronav\u00edrus no estado, na compara\u00e7\u00e3o com o boletim de segunda-feira (8).\u00a0 Conforme o levantamento, as mortes citadas foram confirmadas em Uberl\u00e2ndia, Formoso, Ipatinga, Po\u00e7os de Caldas, Betim, S\u00e3o Louren\u00e7o, Santa Cruz de Minas, Belo Horizonte, Capit\u00f3lio, Carmo do Rio Claro e Betim.<\/p>\n<p>Segundo os dados atualizados, houve aumento de 15.883 para\u00a0 16.102 casos confirmados e de\u00a0 6.857 para 7.363 pacientes recuperados. Al\u00e9m disso, foram feitos 25.528 testes laboratoriais, sendo que 2.487 deram resultado positivo, 22.281 deram negativo para Coronav\u00edrus e 494 est\u00e3o sob an\u00e1lise.<\/p>\n<p>Segundo o boletim, dos 16.102 casos confirmados, 8.813 s\u00e3o do sexo masculino (56% dos casos) e 6.890 s\u00e3o do sexo feminino (44% dos casos). Quanto aos \u00f3bitos confirmados, 208 s\u00e3o do sexo masculino (52% dos casos) e 191 do feminino (48% dos casos).<\/p>\n<p>Os\u00a0dados atualizados\u00a0referentes a \u00f3bitos confirmados em Minas Gerais podem ser conferidos no anexo abaixo.<\/p>\n<p><a href=\"https:\/\/diarioregionaldigital.com.br\/wp-content\/uploads\/2020\/06\/OBITOS_CONF_COVID-19_MG_09.06.2020.xls\">OBITOS_CONF_COVID-19_MG_09.06.2020<\/a><\/p>\n","protected":false},"excerpt":{"rendered":"<p>O\u00a0boletim epidemiol\u00f3gico divulgado nesta ter\u00e7a-feira (9) pela Secretaria de Estado da Sa\u00fade de Minas Gerais (SES-MG), aponta aumento de 380 para 399 mortes confirmadas por Coronav\u00edrus no estado, na compara\u00e7\u00e3o com o boletim de segunda-feira (8).\u00a0 Conforme o levantamento, as mortes citadas foram confirmadas em Uberl\u00e2ndia, Formoso, Ipatinga, Po\u00e7os de Caldas, Betim, S\u00e3o Louren\u00e7o, Santa [&hellip;]<\/p>\n","protected":false},"author":96,"featured_media":161418,"comment_status":"closed","ping_status":"closed","sticky":false,"template":"","format":"standard","meta":{"footnotes":""},"categories":[436,440,252,439],"tags":[],"class_list":["post-161984","post","type-post","status-publish","format-standard","has-post-thumbnail","hentry","category-destaque-da-semana","category-destaques-do-dia","category-regiao","category-ultima-hora"],"_links":{"self":[{"href":"https:\/\/diarioregionaldigital.com.br\/index.php?rest_route=\/wp\/v2\/posts\/161984","targetHints":{"allow":["GET"]}}],"collection":[{"href":"https:\/\/diarioregionaldigital.com.br\/index.php?rest_route=\/wp\/v2\/posts"}],"about":[{"href":"https:\/\/diarioregionaldigital.com.br\/index.php?rest_route=\/wp\/v2\/types\/post"}],"author":[{"embeddable":true,"href":"https:\/\/diarioregionaldigital.com.br\/index.php?rest_route=\/wp\/v2\/users\/96"}],"replies":[{"embeddable":true,"href":"https:\/\/diarioregionaldigital.com.br\/index.php?rest_route=%2Fwp%2Fv2%2Fcomments&post=161984"}],"version-history":[{"count":0,"href":"https:\/\/diarioregionaldigital.com.br\/index.php?rest_route=\/wp\/v2\/posts\/161984\/revisions"}],"wp:featuredmedia":[{"embeddable":true,"href":"https:\/\/diarioregionaldigital.com.br\/index.php?rest_route=\/wp\/v2\/media\/161418"}],"wp:attachment":[{"href":"https:\/\/diarioregionaldigital.com.br\/index.php?rest_route=%2Fwp%2Fv2%2Fmedia&parent=161984"}],"wp:term":[{"taxonomy":"category","embeddable":true,"href":"https:\/\/diarioregionaldigital.com.br\/index.php?rest_route=%2Fwp%2Fv2%2Fcategories&post=161984"},{"taxonomy":"post_tag","embeddable":true,"href":"https:\/\/diarioregionaldigital.com.br\/index.php?rest_route=%2Fwp%2Fv2%2Ftags&post=161984"}],"curies":[{"name":"wp","href":"https:\/\/api.w.org\/{rel}","templated":true}]}}