{"id":161979,"date":"2020-06-09T06:00:38","date_gmt":"2020-06-09T09:00:38","guid":{"rendered":"https:\/\/diarioregionaldigital.com.br\/?p=161979"},"modified":"2020-06-09T02:33:33","modified_gmt":"2020-06-09T05:33:33","slug":"cultura-2","status":"publish","type":"post","link":"https:\/\/diarioregionaldigital.com.br\/?p=161979","title":{"rendered":"Cultura"},"content":{"rendered":"<p style=\"text-align: center;\"><strong>Cultura<\/strong><\/p>\n<p style=\"text-align: center;\">A classe art\u00edstica de Juiz de Fora reunindo m\u00fasica, teatro e artes pl\u00e1sticas se mobilizaram para a Lei 1075, aprovada na C\u00e2mara dos Deputados. APL, que agora ser\u00e1 votada no Senado, estabelece a\u00e7\u00f5es emergenciais para o setor cultural durante o per\u00edodo da pandemia.<\/p>\n<p style=\"text-align: center;\"><strong>Solidariedade <\/strong><\/p>\n<p style=\"text-align: center;\">A humanidade do Projeto M\u00e3os que Ajudam da Igreja de Jesus Cristo dos Santos dos \u00daltimos Dias causou impacto em Juiz de Fora, De maneira solid\u00e1ria doou mais de tr\u00eas mil m\u00e1scaras. Em Juiz de Fora, as institui\u00e7\u00f5es contempladas foram a Funda\u00e7\u00e3o Jo\u00e3o de Freitas e o Hospital Universit\u00e1rio (HU).<\/p>\n<p style=\"text-align: center;\"><strong>Livro<\/strong><\/p>\n<p style=\"text-align: center;\">Competentes e carism\u00e1ticas, as especialistas da Nidus Medicina Reprodutiva, Fernanda Polisseni e Larissa Coutinho assinam o cap\u00edtulo sobre cuidados pr\u00e9-concepcionais, no livro \u201cInterfaces: reprodu\u00e7\u00e3o humana e Covid-19\u201d, lan\u00e7ado pela Sociedade Brasileira de Reprodu\u00e7\u00e3o Assistida. A obra compila os conhecimentos j\u00e1 existentes sobre a \u00e1rea e o novo Coronav\u00edrus.<\/p>\n<p style=\"text-align: center;\"><strong>Saud\u00e1vel<\/strong><\/p>\n<p style=\"text-align: center;\">Para manter di\u00e1logo sadio com seus pacientes a m\u00e9dica-psiquiatra Elimar Jacob Salzer Rodrigues est\u00e1 h\u00e1 3 meses atendendo consultas on-line, com excelentes resultados. Para marcar o fone: 3215-5756.<\/p>\n<p style=\"text-align: center;\"><span style=\"font-size: 14pt;\"><strong>Para Refletir<\/strong><\/span><\/p>\n<p style=\"text-align: center;\">Muito do que se v\u00ea do lado de fora \u00e9 reflexo do que as pessoas carregam por dentro. Tudo o que voc\u00ea pensa e sente atrai para sua vida. Portanto, tome conta da sua energia e vibre positividade. N\u00e3o vemos as coisas como s\u00e3o. Vemos as coisas como somos. (Gilmara Rocha).<\/p>\n<div id=\"attachment_161957\" style=\"width: 690px\" class=\"wp-caption aligncenter\"><img loading=\"lazy\" decoding=\"async\" aria-describedby=\"caption-attachment-161957\" class=\"wp-image-161957\" src=\"https:\/\/diarioregionaldigital.com.br\/wp-content\/uploads\/2020\/06\/fotoa-3-e1591675541723.jpg\" alt=\"\" width=\"680\" height=\"493\" srcset=\"https:\/\/diarioregionaldigital.com.br\/wp-content\/uploads\/2020\/06\/fotoa-3-e1591675541723.jpg 656w, https:\/\/diarioregionaldigital.com.br\/wp-content\/uploads\/2020\/06\/fotoa-3-e1591675541723-300x218.jpg 300w, https:\/\/diarioregionaldigital.com.br\/wp-content\/uploads\/2020\/06\/fotoa-3-e1591675541723-360x261.jpg 360w\" sizes=\"auto, (max-width: 680px) 100vw, 680px\" \/><p id=\"caption-attachment-161957\" class=\"wp-caption-text\">Um foco de luz em Tatiana Yasbeck<\/p><\/div>\n<div id=\"attachment_161958\" style=\"width: 690px\" class=\"wp-caption aligncenter\"><img loading=\"lazy\" decoding=\"async\" aria-describedby=\"caption-attachment-161958\" class=\"wp-image-161958\" src=\"https:\/\/diarioregionaldigital.com.br\/wp-content\/uploads\/2020\/06\/fotob-4-e1591675784227.jpg\" alt=\"\" width=\"680\" height=\"494\" srcset=\"https:\/\/diarioregionaldigital.com.br\/wp-content\/uploads\/2020\/06\/fotob-4-e1591675784227.jpg 715w, https:\/\/diarioregionaldigital.com.br\/wp-content\/uploads\/2020\/06\/fotob-4-e1591675784227-300x218.jpg 300w, https:\/\/diarioregionaldigital.com.br\/wp-content\/uploads\/2020\/06\/fotob-4-e1591675784227-360x261.jpg 360w\" sizes=\"auto, (max-width: 680px) 100vw, 680px\" \/><p id=\"caption-attachment-161958\" class=\"wp-caption-text\">Duas p\u00e9rolas negras em destaque total com Let\u00edcia Lima e a educadora Orne\u00eddes Lima<\/p><\/div>\n<div id=\"attachment_161959\" style=\"width: 690px\" class=\"wp-caption aligncenter\"><img loading=\"lazy\" decoding=\"async\" aria-describedby=\"caption-attachment-161959\" class=\"wp-image-161959\" src=\"https:\/\/diarioregionaldigital.com.br\/wp-content\/uploads\/2020\/06\/fotoc-3-e1591675984730.jpg\" alt=\"\" width=\"680\" height=\"543\" srcset=\"https:\/\/diarioregionaldigital.com.br\/wp-content\/uploads\/2020\/06\/fotoc-3-e1591675984730.jpg 616w, https:\/\/diarioregionaldigital.com.br\/wp-content\/uploads\/2020\/06\/fotoc-3-e1591675984730-300x240.jpg 300w, https:\/\/diarioregionaldigital.com.br\/wp-content\/uploads\/2020\/06\/fotoc-3-e1591675984730-360x288.jpg 360w\" sizes=\"auto, (max-width: 680px) 100vw, 680px\" \/><p id=\"caption-attachment-161959\" class=\"wp-caption-text\">Neide Almada comemorou idade nova recebendo o carinho da neta Manuela Almada Micucci, antes da Pandemia<\/p><\/div>\n<div id=\"attachment_161960\" style=\"width: 690px\" class=\"wp-caption aligncenter\"><img loading=\"lazy\" decoding=\"async\" aria-describedby=\"caption-attachment-161960\" class=\"wp-image-161960\" src=\"https:\/\/diarioregionaldigital.com.br\/wp-content\/uploads\/2020\/06\/fotod-3-e1591676156983.jpg\" alt=\"\" width=\"680\" height=\"537\" srcset=\"https:\/\/diarioregionaldigital.com.br\/wp-content\/uploads\/2020\/06\/fotod-3-e1591676156983.jpg 638w, https:\/\/diarioregionaldigital.com.br\/wp-content\/uploads\/2020\/06\/fotod-3-e1591676156983-300x237.jpg 300w, https:\/\/diarioregionaldigital.com.br\/wp-content\/uploads\/2020\/06\/fotod-3-e1591676156983-360x284.jpg 360w\" sizes=\"auto, (max-width: 680px) 100vw, 680px\" \/><p id=\"caption-attachment-161960\" class=\"wp-caption-text\">A conceituada m\u00e9dica-psiquiatra Elimar Jacob Salzer Rodrigues atende via internet em ritmo de home-office<\/p><\/div>\n<div id=\"attachment_161961\" style=\"width: 690px\" class=\"wp-caption aligncenter\"><img loading=\"lazy\" decoding=\"async\" aria-describedby=\"caption-attachment-161961\" class=\"wp-image-161961\" src=\"https:\/\/diarioregionaldigital.com.br\/wp-content\/uploads\/2020\/06\/fotoe-5-e1591676219568.jpg\" alt=\"\" width=\"680\" height=\"496\" srcset=\"https:\/\/diarioregionaldigital.com.br\/wp-content\/uploads\/2020\/06\/fotoe-5-e1591676219568.jpg 892w, https:\/\/diarioregionaldigital.com.br\/wp-content\/uploads\/2020\/06\/fotoe-5-e1591676219568-300x219.jpg 300w, https:\/\/diarioregionaldigital.com.br\/wp-content\/uploads\/2020\/06\/fotoe-5-e1591676219568-768x560.jpg 768w, https:\/\/diarioregionaldigital.com.br\/wp-content\/uploads\/2020\/06\/fotoe-5-e1591676219568-360x262.jpg 360w\" sizes=\"auto, (max-width: 680px) 100vw, 680px\" \/><p id=\"caption-attachment-161961\" class=\"wp-caption-text\">Os fisioterapeutas campe\u00f5es Ramon David e Eduardo Gama, no Vale Nevada em 2019<\/p><\/div>\n<div id=\"attachment_161962\" style=\"width: 690px\" class=\"wp-caption aligncenter\"><img loading=\"lazy\" decoding=\"async\" aria-describedby=\"caption-attachment-161962\" class=\"wp-image-161962\" src=\"https:\/\/diarioregionaldigital.com.br\/wp-content\/uploads\/2020\/06\/fotof-5-e1591676245709.jpg\" alt=\"\" width=\"680\" height=\"491\" srcset=\"https:\/\/diarioregionaldigital.com.br\/wp-content\/uploads\/2020\/06\/fotof-5-e1591676245709.jpg 919w, https:\/\/diarioregionaldigital.com.br\/wp-content\/uploads\/2020\/06\/fotof-5-e1591676245709-300x217.jpg 300w, https:\/\/diarioregionaldigital.com.br\/wp-content\/uploads\/2020\/06\/fotof-5-e1591676245709-768x555.jpg 768w, https:\/\/diarioregionaldigital.com.br\/wp-content\/uploads\/2020\/06\/fotof-5-e1591676245709-360x260.jpg 360w\" sizes=\"auto, (max-width: 680px) 100vw, 680px\" \/><p id=\"caption-attachment-161962\" class=\"wp-caption-text\">Amigos na Rainbow Fest na Pra\u00e7a Ant\u00f4nio Carlos Marcos Trajano, Kaio Barros e Oswaldo Braga<\/p><\/div>\n<div id=\"attachment_161963\" style=\"width: 690px\" class=\"wp-caption aligncenter\"><img loading=\"lazy\" decoding=\"async\" aria-describedby=\"caption-attachment-161963\" class=\"wp-image-161963\" src=\"https:\/\/diarioregionaldigital.com.br\/wp-content\/uploads\/2020\/06\/fotog-5-e1591676280159.jpg\" alt=\"\" width=\"680\" height=\"502\" srcset=\"https:\/\/diarioregionaldigital.com.br\/wp-content\/uploads\/2020\/06\/fotog-5-e1591676280159.jpg 1425w, https:\/\/diarioregionaldigital.com.br\/wp-content\/uploads\/2020\/06\/fotog-5-e1591676280159-300x221.jpg 300w, https:\/\/diarioregionaldigital.com.br\/wp-content\/uploads\/2020\/06\/fotog-5-e1591676280159-1024x755.jpg 1024w, https:\/\/diarioregionaldigital.com.br\/wp-content\/uploads\/2020\/06\/fotog-5-e1591676280159-768x566.jpg 768w, https:\/\/diarioregionaldigital.com.br\/wp-content\/uploads\/2020\/06\/fotog-5-e1591676280159-360x266.jpg 360w\" sizes=\"auto, (max-width: 680px) 100vw, 680px\" \/><p id=\"caption-attachment-161963\" class=\"wp-caption-text\">Homens de atitude: o especialista em Direito Imobili\u00e1rio Eduardo Meirelles e o L\u00edder Comunit\u00e1rio Jonathan Gilgamesh<\/p><\/div>\n<div id=\"attachment_161964\" style=\"width: 690px\" class=\"wp-caption aligncenter\"><img loading=\"lazy\" decoding=\"async\" aria-describedby=\"caption-attachment-161964\" class=\"wp-image-161964\" src=\"https:\/\/diarioregionaldigital.com.br\/wp-content\/uploads\/2020\/06\/fotoh-5-e1591676306609.jpg\" alt=\"\" width=\"680\" height=\"482\" srcset=\"https:\/\/diarioregionaldigital.com.br\/wp-content\/uploads\/2020\/06\/fotoh-5-e1591676306609.jpg 1036w, https:\/\/diarioregionaldigital.com.br\/wp-content\/uploads\/2020\/06\/fotoh-5-e1591676306609-300x213.jpg 300w, https:\/\/diarioregionaldigital.com.br\/wp-content\/uploads\/2020\/06\/fotoh-5-e1591676306609-1024x725.jpg 1024w, https:\/\/diarioregionaldigital.com.br\/wp-content\/uploads\/2020\/06\/fotoh-5-e1591676306609-768x544.jpg 768w, https:\/\/diarioregionaldigital.com.br\/wp-content\/uploads\/2020\/06\/fotoh-5-e1591676306609-750x530.jpg 750w, https:\/\/diarioregionaldigital.com.br\/wp-content\/uploads\/2020\/06\/fotoh-5-e1591676306609-360x255.jpg 360w, https:\/\/diarioregionaldigital.com.br\/wp-content\/uploads\/2020\/06\/fotoh-5-e1591676306609-100x70.jpg 100w\" sizes=\"auto, (max-width: 680px) 100vw, 680px\" \/><p id=\"caption-attachment-161964\" class=\"wp-caption-text\">Mulheres lindas e elegantes: Elaine Piccinini Saggioro, Lidiane Fernandes e Adelaide Rodrigues<\/p><\/div>\n<div id=\"attachment_161965\" style=\"width: 690px\" class=\"wp-caption aligncenter\"><img loading=\"lazy\" decoding=\"async\" aria-describedby=\"caption-attachment-161965\" class=\"wp-image-161965\" src=\"https:\/\/diarioregionaldigital.com.br\/wp-content\/uploads\/2020\/06\/fotoi-4-e1591676329830.jpg\" alt=\"\" width=\"680\" height=\"499\" srcset=\"https:\/\/diarioregionaldigital.com.br\/wp-content\/uploads\/2020\/06\/fotoi-4-e1591676329830.jpg 1436w, https:\/\/diarioregionaldigital.com.br\/wp-content\/uploads\/2020\/06\/fotoi-4-e1591676329830-300x220.jpg 300w, https:\/\/diarioregionaldigital.com.br\/wp-content\/uploads\/2020\/06\/fotoi-4-e1591676329830-1024x752.jpg 1024w, https:\/\/diarioregionaldigital.com.br\/wp-content\/uploads\/2020\/06\/fotoi-4-e1591676329830-768x564.jpg 768w, https:\/\/diarioregionaldigital.com.br\/wp-content\/uploads\/2020\/06\/fotoi-4-e1591676329830-360x264.jpg 360w\" sizes=\"auto, (max-width: 680px) 100vw, 680px\" \/><p id=\"caption-attachment-161965\" class=\"wp-caption-text\">Gente de real valor: \u00c1lvaro Jos\u00e9 de Souza, Alice Amaral, Jos\u00e9 L\u00facio Fernandes, Val\u00e9ria Cruz e Luiz Ant\u00f4nio Naresi J\u00fanior<\/p><\/div>\n<p style=\"text-align: center;\"><strong>FOTOSS\u00cdNTESE<\/strong><\/p>\n<p>O chefe Vitor Costa preparou um menu especial para o Dia dos Namorados com entrada, prato principal e sobremesa. E ainda ganha um Small Session do Studio Alu\u00edzio. Para agendar pedido o fone: 98884 4262.<\/p>\n<p>Dentre eventos adiados por conta da pandemia, o 31\u00ba Por Tork Ibitipoca Off Road. A prova batizada de Edi\u00e7\u00e3o Dourada ser\u00e1 realizada no dias 17 e 18 de outubro.<\/p>\n<p>Para minimizar os efeitos de recolhimento de materiais de constru\u00e7\u00e3o, materiais recicl\u00e1veis m\u00f3veis, eletrodom\u00e9sticos e encalhes, o Demlurb retomou atendimento em ecopontos e call center de JF.<\/p>\n<p>A elegante Lucinha Silva da loja Veneno est\u00e1 atendem suas clientes pelo fone: 988461514.<\/p>\n<p>Recado: Safado \u00e9 o gato que j\u00e1 nasce de bigode.<\/p>\n<p>Em boa hora, a Creche Comunit\u00e1ria Ant\u00f4nio e Maria Geny Barbosa (bairro Santa Cruz) receber\u00e1 R$226.400 para atender necessidades b\u00e1sicas dos assistidos. Os recursos foram, destinados pelo Ita\u00fa Social para apoiar as fam\u00edlias impactadas pela pandemia.<\/p>\n<p>Com o frio batendo a porta, a Sociedade de S\u00e3o Vicente de Paulo (SSVP) recebe doa\u00e7\u00f5es de agasalhos, que podem ser entregues \u00e0s segundas, quartas e sextas-feiras de 13h \u00e1s 17h.<\/p>\n<p>Para o Dia dos Namorados o requinte estar\u00e1 centralizado no Restaurante Savoir-Fare. Gabriel Bastos convidou o chef do Hotel Copacabana Palace (Rio) F\u00e1bio Lessa, para assinar o jantar.<\/p>\n<p>Ligando no momento atual, Frederico Braida com sua compet\u00eancia em arquitetura e professor, assina o artigo \u201cGeod\u00e9sicas na Arquitetura\u201d, publicado pelo Laborat\u00f3rio de Estudos em Tecnologia de Representa\u00e7\u00e3o Gr\u00e1fica-Labgraf.<\/p>\n<p>Vem a\u00ed o 5\u00ba livro de cr\u00f4nicas deste colunista com o tema \u201cOrat\u00f3rio\u201d. A capa ser\u00e1 assinada pelo artista pl\u00e1stico Wesley Monteiro e pref\u00e1cio do Dr. Mauro Cruz.<\/p>\n<p>Aten\u00e7\u00e3o brother: De nada adianta projetar o futuro se voc\u00ea n\u00e3o tem compromisso com o presente. Bom dia.<\/p>\n<p><img loading=\"lazy\" decoding=\"async\" class=\"aligncenter size-full wp-image-161976\" src=\"https:\/\/diarioregionaldigital.com.br\/wp-content\/uploads\/2020\/06\/anuncio33-scaled.jpg\" alt=\"\" width=\"2560\" height=\"976\" srcset=\"https:\/\/diarioregionaldigital.com.br\/wp-content\/uploads\/2020\/06\/anuncio33-scaled.jpg 2560w, https:\/\/diarioregionaldigital.com.br\/wp-content\/uploads\/2020\/06\/anuncio33-300x114.jpg 300w, https:\/\/diarioregionaldigital.com.br\/wp-content\/uploads\/2020\/06\/anuncio33-1024x391.jpg 1024w, https:\/\/diarioregionaldigital.com.br\/wp-content\/uploads\/2020\/06\/anuncio33-768x293.jpg 768w, https:\/\/diarioregionaldigital.com.br\/wp-content\/uploads\/2020\/06\/anuncio33-1536x586.jpg 1536w, https:\/\/diarioregionaldigital.com.br\/wp-content\/uploads\/2020\/06\/anuncio33-2048x781.jpg 2048w, https:\/\/diarioregionaldigital.com.br\/wp-content\/uploads\/2020\/06\/anuncio33-360x137.jpg 360w\" sizes=\"auto, (max-width: 2560px) 100vw, 2560px\" \/><\/p>\n","protected":false},"excerpt":{"rendered":"<p>Cultura A classe art\u00edstica de Juiz de Fora reunindo m\u00fasica, teatro e artes pl\u00e1sticas se mobilizaram para a Lei 1075, aprovada na C\u00e2mara dos Deputados. APL, que agora ser\u00e1 votada no Senado, estabelece a\u00e7\u00f5es emergenciais para o setor cultural durante o per\u00edodo da pandemia. Solidariedade A humanidade do Projeto M\u00e3os que Ajudam da Igreja de [&hellip;]<\/p>\n","protected":false},"author":96,"featured_media":161957,"comment_status":"closed","ping_status":"closed","sticky":false,"template":"","format":"standard","meta":{"footnotes":""},"categories":[264],"tags":[],"class_list":["post-161979","post","type-post","status-publish","format-standard","has-post-thumbnail","hentry","category-eduardo-gomes"],"_links":{"self":[{"href":"https:\/\/diarioregionaldigital.com.br\/index.php?rest_route=\/wp\/v2\/posts\/161979","targetHints":{"allow":["GET"]}}],"collection":[{"href":"https:\/\/diarioregionaldigital.com.br\/index.php?rest_route=\/wp\/v2\/posts"}],"about":[{"href":"https:\/\/diarioregionaldigital.com.br\/index.php?rest_route=\/wp\/v2\/types\/post"}],"author":[{"embeddable":true,"href":"https:\/\/diarioregionaldigital.com.br\/index.php?rest_route=\/wp\/v2\/users\/96"}],"replies":[{"embeddable":true,"href":"https:\/\/diarioregionaldigital.com.br\/index.php?rest_route=%2Fwp%2Fv2%2Fcomments&post=161979"}],"version-history":[{"count":0,"href":"https:\/\/diarioregionaldigital.com.br\/index.php?rest_route=\/wp\/v2\/posts\/161979\/revisions"}],"wp:featuredmedia":[{"embeddable":true,"href":"https:\/\/diarioregionaldigital.com.br\/index.php?rest_route=\/wp\/v2\/media\/161957"}],"wp:attachment":[{"href":"https:\/\/diarioregionaldigital.com.br\/index.php?rest_route=%2Fwp%2Fv2%2Fmedia&parent=161979"}],"wp:term":[{"taxonomy":"category","embeddable":true,"href":"https:\/\/diarioregionaldigital.com.br\/index.php?rest_route=%2Fwp%2Fv2%2Fcategories&post=161979"},{"taxonomy":"post_tag","embeddable":true,"href":"https:\/\/diarioregionaldigital.com.br\/index.php?rest_route=%2Fwp%2Fv2%2Ftags&post=161979"}],"curies":[{"name":"wp","href":"https:\/\/api.w.org\/{rel}","templated":true}]}}