{"id":161971,"date":"2020-06-08T22:34:43","date_gmt":"2020-06-09T01:34:43","guid":{"rendered":"https:\/\/diarioregionaldigital.com.br\/?p=161971"},"modified":"2020-06-08T22:34:43","modified_gmt":"2020-06-09T01:34:43","slug":"covid-19-conass-aponta-679-novas-mortes-e-15-654-novos-casos","status":"publish","type":"post","link":"https:\/\/diarioregionaldigital.com.br\/?p=161971","title":{"rendered":"Covid-19: Conass aponta 679 novas mortes e 15.654 novos casos"},"content":{"rendered":"<p>A atualiza\u00e7\u00e3o o Conselho Nacional de Secretarias Estaduais de Sa\u00fade (Conass) divulgada na noite desta segunda-feira (8) apontou 679 novas mortes e 15.564 novos casos de covid-19\u00a0nas \u00faltimas 24h. Com esses acr\u00e9scimos \u00e0s estat\u00edsticas, o pa\u00eds chegou a 37.134 falecimentos em fun\u00e7\u00e3o da pandemia do novo coronav\u00edrus e 707.412 pessoas infectadas, segundo o conselho. No\u00a0site, o local com o n\u00famero de pacientes recuperados ainda aparece &#8220;em constru\u00e7\u00e3o&#8221;.<img decoding=\"async\" src=\"https:\/\/agenciabrasil.ebc.com.br\/ebc.png?id=1309100&amp;o=node\" \/><\/p>\n<p>Ontem, o n\u00famero de casos confirmados registrados pela entidade estava em 680.456. J\u00e1 as mortes em decorr\u00eancia da doen\u00e7a somavam 36.151.<\/p>\n<p>Os estados com maior n\u00famero de \u00f3bitos s\u00e3o S\u00e3o Paulo (9.188), Rio de Janeiro (6.781), Cear\u00e1 (4.120), Par\u00e1 (3.772) e Pernambuco (3.350). Ainda figuram entres os com altos \u00edndices de v\u00edtimas fatais em fun\u00e7\u00e3o da pandemia Amazonas (2.271), Maranh\u00e3o (1.247), Bahia (901), Esp\u00edrito Santo (871), Alagoas (601) e Minas Gerais (380).<\/p>\n<p>O\u00a0balan\u00e7o do conselho\u00a0(batizado de Painel Conass) foi criado no fim de semana ap\u00f3s o Minist\u00e9rio da Sa\u00fade mudar sua din\u00e2mica de divulga\u00e7\u00e3o dos dados sobre a pandemia. At\u00e9 a semana passada, a pasta consolidava os dados das secretarias estaduais no in\u00edcio da noite.<\/p>\n<p>A pasta passou a divulgar o balan\u00e7o cada vez mais tarde (por volta de 22h) e parou de informar o total de casos, anunciando um novo m\u00e9todo de anunciar sua consolida\u00e7\u00e3o\u00a0hoje. As mudan\u00e7as foram objeto de\u00a0questionamento\u00a0do Minist\u00e9rio P\u00fablico Federal.<\/p>\n<p><strong>Fonte:\u00a0<\/strong>Ag\u00eancia Brasil<\/p>\n","protected":false},"excerpt":{"rendered":"<p>A atualiza\u00e7\u00e3o o Conselho Nacional de Secretarias Estaduais de Sa\u00fade (Conass) divulgada na noite desta segunda-feira (8) apontou 679 novas mortes e 15.564 novos casos de covid-19\u00a0nas \u00faltimas 24h. Com esses acr\u00e9scimos \u00e0s estat\u00edsticas, o pa\u00eds chegou a 37.134 falecimentos em fun\u00e7\u00e3o da pandemia do novo coronav\u00edrus e 707.412 pessoas infectadas, segundo o conselho. No\u00a0site, [&hellip;]<\/p>\n","protected":false},"author":96,"featured_media":161972,"comment_status":"closed","ping_status":"closed","sticky":false,"template":"","format":"standard","meta":{"footnotes":""},"categories":[302,436,440,439],"tags":[],"class_list":["post-161971","post","type-post","status-publish","format-standard","has-post-thumbnail","hentry","category-brasil-mundo","category-destaque-da-semana","category-destaques-do-dia","category-ultima-hora"],"_links":{"self":[{"href":"https:\/\/diarioregionaldigital.com.br\/index.php?rest_route=\/wp\/v2\/posts\/161971","targetHints":{"allow":["GET"]}}],"collection":[{"href":"https:\/\/diarioregionaldigital.com.br\/index.php?rest_route=\/wp\/v2\/posts"}],"about":[{"href":"https:\/\/diarioregionaldigital.com.br\/index.php?rest_route=\/wp\/v2\/types\/post"}],"author":[{"embeddable":true,"href":"https:\/\/diarioregionaldigital.com.br\/index.php?rest_route=\/wp\/v2\/users\/96"}],"replies":[{"embeddable":true,"href":"https:\/\/diarioregionaldigital.com.br\/index.php?rest_route=%2Fwp%2Fv2%2Fcomments&post=161971"}],"version-history":[{"count":0,"href":"https:\/\/diarioregionaldigital.com.br\/index.php?rest_route=\/wp\/v2\/posts\/161971\/revisions"}],"wp:featuredmedia":[{"embeddable":true,"href":"https:\/\/diarioregionaldigital.com.br\/index.php?rest_route=\/wp\/v2\/media\/161972"}],"wp:attachment":[{"href":"https:\/\/diarioregionaldigital.com.br\/index.php?rest_route=%2Fwp%2Fv2%2Fmedia&parent=161971"}],"wp:term":[{"taxonomy":"category","embeddable":true,"href":"https:\/\/diarioregionaldigital.com.br\/index.php?rest_route=%2Fwp%2Fv2%2Fcategories&post=161971"},{"taxonomy":"post_tag","embeddable":true,"href":"https:\/\/diarioregionaldigital.com.br\/index.php?rest_route=%2Fwp%2Fv2%2Ftags&post=161971"}],"curies":[{"name":"wp","href":"https:\/\/api.w.org\/{rel}","templated":true}]}}