{"id":161969,"date":"2020-06-08T21:12:49","date_gmt":"2020-06-09T00:12:49","guid":{"rendered":"https:\/\/diarioregionaldigital.com.br\/?p=161969"},"modified":"2020-06-08T21:12:49","modified_gmt":"2020-06-09T00:12:49","slug":"boletim-covid-19-juiz-de-fora-registra-750-casos-confirmados-da-doenca","status":"publish","type":"post","link":"https:\/\/diarioregionaldigital.com.br\/?p=161969","title":{"rendered":"Boletim Covid-19 &#8211; Juiz de Fora registra 750 casos confirmados da doen\u00e7a"},"content":{"rendered":"<p>A Secretaria de Sa\u00fade (SS) da Prefeitura de Juiz de Fora (PJF) confirmou nesta segunda-feira, 8, mais 32 casos de pessoas infectadas pelo novo coronav\u00edrus no munic\u00edpio. Com os novos registros, s\u00e3o 750 confirmados. Nenhuma morte foi registrada. Todos os dados s\u00e3o referentes a moradores de Juiz de Fora.<\/p>\n<p>O Boletim Epidemiol\u00f3gico tamb\u00e9m registrou 280 novas suspeitas, contabilizando 5.350. Tr\u00eas \u00f3bitos est\u00e3o sendo investigados.<\/p>\n<p><b>Boletim desta segunda, 8<\/b><\/p>\n<p>&#8211; 5.350 suspeitos<br \/>\n&#8211; 750 confirmados<br \/>\n&#8211; 38 \u00f3bitos confirmados<br \/>\n&#8211; 3 \u00f3bitos em investiga\u00e7\u00e3o<\/p>\n<p><strong>Fonte:\u00a0<\/strong>Assessoria<\/p>\n","protected":false},"excerpt":{"rendered":"<p>A Secretaria de Sa\u00fade (SS) da Prefeitura de Juiz de Fora (PJF) confirmou nesta segunda-feira, 8, mais 32 casos de pessoas infectadas pelo novo coronav\u00edrus no munic\u00edpio. Com os novos registros, s\u00e3o 750 confirmados. Nenhuma morte foi registrada. Todos os dados s\u00e3o referentes a moradores de Juiz de Fora. O Boletim Epidemiol\u00f3gico tamb\u00e9m registrou 280 [&hellip;]<\/p>\n","protected":false},"author":96,"featured_media":161920,"comment_status":"closed","ping_status":"closed","sticky":false,"template":"","format":"standard","meta":{"footnotes":""},"categories":[253,436,440,439],"tags":[],"class_list":["post-161969","post","type-post","status-publish","format-standard","has-post-thumbnail","hentry","category-cidade","category-destaque-da-semana","category-destaques-do-dia","category-ultima-hora"],"_links":{"self":[{"href":"https:\/\/diarioregionaldigital.com.br\/index.php?rest_route=\/wp\/v2\/posts\/161969","targetHints":{"allow":["GET"]}}],"collection":[{"href":"https:\/\/diarioregionaldigital.com.br\/index.php?rest_route=\/wp\/v2\/posts"}],"about":[{"href":"https:\/\/diarioregionaldigital.com.br\/index.php?rest_route=\/wp\/v2\/types\/post"}],"author":[{"embeddable":true,"href":"https:\/\/diarioregionaldigital.com.br\/index.php?rest_route=\/wp\/v2\/users\/96"}],"replies":[{"embeddable":true,"href":"https:\/\/diarioregionaldigital.com.br\/index.php?rest_route=%2Fwp%2Fv2%2Fcomments&post=161969"}],"version-history":[{"count":0,"href":"https:\/\/diarioregionaldigital.com.br\/index.php?rest_route=\/wp\/v2\/posts\/161969\/revisions"}],"wp:featuredmedia":[{"embeddable":true,"href":"https:\/\/diarioregionaldigital.com.br\/index.php?rest_route=\/wp\/v2\/media\/161920"}],"wp:attachment":[{"href":"https:\/\/diarioregionaldigital.com.br\/index.php?rest_route=%2Fwp%2Fv2%2Fmedia&parent=161969"}],"wp:term":[{"taxonomy":"category","embeddable":true,"href":"https:\/\/diarioregionaldigital.com.br\/index.php?rest_route=%2Fwp%2Fv2%2Fcategories&post=161969"},{"taxonomy":"post_tag","embeddable":true,"href":"https:\/\/diarioregionaldigital.com.br\/index.php?rest_route=%2Fwp%2Fv2%2Ftags&post=161969"}],"curies":[{"name":"wp","href":"https:\/\/api.w.org\/{rel}","templated":true}]}}