{"id":161966,"date":"2020-06-08T21:11:35","date_gmt":"2020-06-09T00:11:35","guid":{"rendered":"https:\/\/diarioregionaldigital.com.br\/?p=161966"},"modified":"2020-06-08T21:11:35","modified_gmt":"2020-06-09T00:11:35","slug":"epis-e-insumos-sao-furtados-de-unidade-basica-de-saude","status":"publish","type":"post","link":"https:\/\/diarioregionaldigital.com.br\/?p=161966","title":{"rendered":"EPIs e insumos s\u00e3o furtados de unidade b\u00e1sica de sa\u00fade"},"content":{"rendered":"<p>A Secretaria de Sa\u00fade (SS) informa que a Unidade B\u00e1sica de Sa\u00fade (UBS) Centro Sul, localizada na Avenida Rio Branco, foi furtada no \u00faltimo fim de semana. Na ocasi\u00e3o, foram levados Equipamentos de Prote\u00e7\u00e3o Individual (EPIs). A equipe da unidade estima que tenham sido roubadas cerca de 3.500 luvas, 750 m\u00e1scaras, nove sach\u00eas de \u00e1lcool em gel, quatro sach\u00eas de sabonete l\u00edquido e esparadrapos. Al\u00e9m disso, tamb\u00e9m foi furtado um aparelho micro-ondas. Ciente do acontecido, foi realizado Boletim de Ocorr\u00eancia (BO). A Secretaria de Sa\u00fade lamenta o roubo desses materiais que s\u00e3o primordiais para o enfrentamento \u00e0 covid-19. Uma nova quantidade de EPIs ser\u00e1 enviada para esta unidade de sa\u00fade, a fim de garantir melhor prote\u00e7\u00e3o para profissionais de sa\u00fade e pacientes.<\/p>\n<p><strong>Fonte:\u00a0<\/strong>Assessoria<\/p>\n","protected":false},"excerpt":{"rendered":"<p>A Secretaria de Sa\u00fade (SS) informa que a Unidade B\u00e1sica de Sa\u00fade (UBS) Centro Sul, localizada na Avenida Rio Branco, foi furtada no \u00faltimo fim de semana. Na ocasi\u00e3o, foram levados Equipamentos de Prote\u00e7\u00e3o Individual (EPIs). A equipe da unidade estima que tenham sido roubadas cerca de 3.500 luvas, 750 m\u00e1scaras, nove sach\u00eas de \u00e1lcool [&hellip;]<\/p>\n","protected":false},"author":96,"featured_media":161967,"comment_status":"closed","ping_status":"closed","sticky":false,"template":"","format":"standard","meta":{"footnotes":""},"categories":[253,436,439],"tags":[],"class_list":["post-161966","post","type-post","status-publish","format-standard","has-post-thumbnail","hentry","category-cidade","category-destaque-da-semana","category-ultima-hora"],"_links":{"self":[{"href":"https:\/\/diarioregionaldigital.com.br\/index.php?rest_route=\/wp\/v2\/posts\/161966","targetHints":{"allow":["GET"]}}],"collection":[{"href":"https:\/\/diarioregionaldigital.com.br\/index.php?rest_route=\/wp\/v2\/posts"}],"about":[{"href":"https:\/\/diarioregionaldigital.com.br\/index.php?rest_route=\/wp\/v2\/types\/post"}],"author":[{"embeddable":true,"href":"https:\/\/diarioregionaldigital.com.br\/index.php?rest_route=\/wp\/v2\/users\/96"}],"replies":[{"embeddable":true,"href":"https:\/\/diarioregionaldigital.com.br\/index.php?rest_route=%2Fwp%2Fv2%2Fcomments&post=161966"}],"version-history":[{"count":0,"href":"https:\/\/diarioregionaldigital.com.br\/index.php?rest_route=\/wp\/v2\/posts\/161966\/revisions"}],"wp:featuredmedia":[{"embeddable":true,"href":"https:\/\/diarioregionaldigital.com.br\/index.php?rest_route=\/wp\/v2\/media\/161967"}],"wp:attachment":[{"href":"https:\/\/diarioregionaldigital.com.br\/index.php?rest_route=%2Fwp%2Fv2%2Fmedia&parent=161966"}],"wp:term":[{"taxonomy":"category","embeddable":true,"href":"https:\/\/diarioregionaldigital.com.br\/index.php?rest_route=%2Fwp%2Fv2%2Fcategories&post=161966"},{"taxonomy":"post_tag","embeddable":true,"href":"https:\/\/diarioregionaldigital.com.br\/index.php?rest_route=%2Fwp%2Fv2%2Ftags&post=161966"}],"curies":[{"name":"wp","href":"https:\/\/api.w.org\/{rel}","templated":true}]}}