{"id":161948,"date":"2020-06-08T18:10:50","date_gmt":"2020-06-08T21:10:50","guid":{"rendered":"https:\/\/diarioregionaldigital.com.br\/?p=161948"},"modified":"2020-06-08T18:10:50","modified_gmt":"2020-06-08T21:10:50","slug":"america-latina-tem-13-milhao-de-casos-e-65-mil-mortes-por-covid-19","status":"publish","type":"post","link":"https:\/\/diarioregionaldigital.com.br\/?p=161948","title":{"rendered":"Am\u00e9rica Latina tem 1,3 milh\u00e3o de casos e 65 mil mortes por covid-19"},"content":{"rendered":"<p>A Am\u00e9rica Latina \u00e9 atualmente o epicentro da pandemia no mundo, e os casos continuam aumentando rapidamente em v\u00e1rios pa\u00edses. Hoje, a regi\u00e3o tem mais 1,3 milh\u00e3o de casos confirmados da doen\u00e7a, sendo que 1,1 milh\u00e3o est\u00e3o em apenas 4 pa\u00edses: Brasil (691.758), Peru (196.515), Chile (138.846) e M\u00e9xico (117.103). No mundo todo, s\u00e3o mais de 7 milh\u00f5es de casos confirmados.<img decoding=\"async\" src=\"https:\/\/agenciabrasil.ebc.com.br\/ebc.png?id=1309076&amp;o=node\" \/><\/p>\n<p>O Brasil ultrapassar\u00e1 a marca de 1 milh\u00e3o de pessoas contaminadas no dia 20 de junho, segundo dados da plataforma estat\u00edstica do Instituto de Inform\u00e1tica da Universidade Federal do Rio Grande do Sul (UFRGS). Neste mesmo dia, a\u00a0previs\u00e3o\u00a0\u00e9 de que teremos mais de 47 mil mortos. A ferramenta traz gr\u00e1ficos e proje\u00e7\u00f5es de tend\u00eancias da evolu\u00e7\u00e3o de casos e mortes por pa\u00eds.<\/p>\n<p>O n\u00famero de mortes segue aumentando na regi\u00e3o, registrando recordes em alguns pa\u00edses. De acordo com o\u00a0Painel Rede CoVida, na \u00faltima semana o Brasil chegou a registrar 1.432 mortes em um \u00fanico dia (4 de junho). O pa\u00eds j\u00e1 soma 36.455 mortes pelo novo coronav\u00edrus.<\/p>\n<p>A Rede CoVida &#8211; Ci\u00eancia, Informa\u00e7\u00e3o e Solidariedade \u00e9 uma iniciativa que surgiu em mar\u00e7o de 2020 a partir da uni\u00e3o entre o Centro de Integra\u00e7\u00e3o de Dados e Conhecimentos para Sa\u00fade (Cidacs\/Fiocruz Bahia) e a Universidade Federal da Bahia (Ufba), diante da maior crise de sanit\u00e1ria global dos \u00faltimos 100 anos.<\/p>\n<p><strong>Painel<\/strong><\/p>\n<p>O M\u00e9xico aparece em segundo lugar no painel da Rede CoVida com 13.699 mortes, seguido de Peru (5.465), Equador (3.621), Chile (2.264) e Col\u00f4mbia (1.323). No total, s\u00e3o 65.704 mortes na regi\u00e3o.<\/p>\n<p>O pa\u00eds com menos casos \u00e9 o\u00a0Uruguai, com 845 contaminados e 23 mortes. Outros pa\u00edses que se destacam pelo baixo \u00edndice de contamina\u00e7\u00e3o s\u00e3o Costa Rica, com pouco mais de 1300 casos e apenas 10 mortes, e Paraguai, com pouco mais de 1100 casos e 11 mortos.<\/p>\n<p>O Uruguai nunca chegou a estabelecer quarentena obrigat\u00f3ria, mas obteve sucesso na luta contra o novo coronav\u00edrus. As medidas, al\u00e9m do isolamento volunt\u00e1rio da popula\u00e7\u00e3o, foram o fechamento imediato de escolas e universidades, no dia 13 de mar\u00e7o, quando foram registrados os quatro primeiros casos no pa\u00eds, al\u00e9m do fechamento das fronteiras e do cancelamento de eventos com aglomera\u00e7\u00f5es de pessoas.<\/p>\n<p><strong>Proje\u00e7\u00f5es<\/strong><\/p>\n<p>O M\u00e9xico viveu, na semana passada, o pior momento desde o in\u00edcio da pandemia, tanto em casos confirmados quanto em mortes, de acordo com a plataforma estat\u00edstica do Instituto de Inform\u00e1tica da UFRS. Foram registradas mais de mil mortes em um \u00fanico dia, tendo novos recordes durante tr\u00eas dias consecutivos. Apesar do avan\u00e7o da doen\u00e7a, o presidente do pa\u00eds, Andr\u00e9s Manuel L\u00f3pez Obrador, segue com um plano de abertura gradual do com\u00e9rcio.<\/p>\n<p>O Minist\u00e9rio da Sa\u00fade do Peru informou que, entre os 196.515 casos confirmados de Covid-19, 9.583 pacientes est\u00e3o hospitalizados, dos quais 1.041 est\u00e3o em terapia intensiva com ventila\u00e7\u00e3o mec\u00e2nica. Al\u00e9m disso, 86.219 pacientes se recuperaram e receberam alta.<\/p>\n<p>Ap\u00f3s o r\u00e1pido aumento no n\u00famero de casos naquele pa\u00eds, o presidente anunciou nova prorroga\u00e7\u00e3o da quarentena, at\u00e9 30 de junho. O Peru decretou estado de emerg\u00eancia sanit\u00e1ria no dia 16 de mar\u00e7o. Apesar de ser o segundo pa\u00eds em n\u00famero de casos, foi um dos primeiros a reagir com medidas rigorosas.<\/p>\n<p>Especialistas dizem que a grande propor\u00e7\u00e3o de contaminados pode ser resultado do alto n\u00famero de testes realizados no pa\u00eds. De acordo com o\u00a0Minist\u00e9rio da Sa\u00fade, no Peru\u00a0 j\u00e1 foram realizados 1.191.956 testes.<\/p>\n<p><strong>Pico<\/strong><\/p>\n<p>De acordo com a Organiza\u00e7\u00e3o Mundial da Sa\u00fade (OMS), a Am\u00e9rica Latina ainda n\u00e3o atingiu o pico da curva de transmiss\u00e3o, o que significa que o n\u00famero de infec\u00e7\u00f5es e mortes deve continuar aumentando.<\/p>\n<p>A Organiza\u00e7\u00e3o Pan Americana da Sa\u00fade (OPAS) defendeu, na semana passada, que os pa\u00edses devem ser muito cuidadosos ao come\u00e7ar a flexibilizar as\u00a0medidas de isolamento\u00a0e afirmou que uma segunda onda de cont\u00e1gios pode levar \u00e0 perda dos esfor\u00e7os feitos at\u00e9 o momento.<\/p>\n<p><strong>Fonte:\u00a0<\/strong>Ag\u00eancia Brasil<\/p>\n","protected":false},"excerpt":{"rendered":"<p>A Am\u00e9rica Latina \u00e9 atualmente o epicentro da pandemia no mundo, e os casos continuam aumentando rapidamente em v\u00e1rios pa\u00edses. Hoje, a regi\u00e3o tem mais 1,3 milh\u00e3o de casos confirmados da doen\u00e7a, sendo que 1,1 milh\u00e3o est\u00e3o em apenas 4 pa\u00edses: Brasil (691.758), Peru (196.515), Chile (138.846) e M\u00e9xico (117.103). No mundo todo, s\u00e3o mais [&hellip;]<\/p>\n","protected":false},"author":96,"featured_media":161949,"comment_status":"closed","ping_status":"closed","sticky":false,"template":"","format":"standard","meta":{"footnotes":""},"categories":[302,436,439],"tags":[],"class_list":["post-161948","post","type-post","status-publish","format-standard","has-post-thumbnail","hentry","category-brasil-mundo","category-destaque-da-semana","category-ultima-hora"],"_links":{"self":[{"href":"https:\/\/diarioregionaldigital.com.br\/index.php?rest_route=\/wp\/v2\/posts\/161948","targetHints":{"allow":["GET"]}}],"collection":[{"href":"https:\/\/diarioregionaldigital.com.br\/index.php?rest_route=\/wp\/v2\/posts"}],"about":[{"href":"https:\/\/diarioregionaldigital.com.br\/index.php?rest_route=\/wp\/v2\/types\/post"}],"author":[{"embeddable":true,"href":"https:\/\/diarioregionaldigital.com.br\/index.php?rest_route=\/wp\/v2\/users\/96"}],"replies":[{"embeddable":true,"href":"https:\/\/diarioregionaldigital.com.br\/index.php?rest_route=%2Fwp%2Fv2%2Fcomments&post=161948"}],"version-history":[{"count":0,"href":"https:\/\/diarioregionaldigital.com.br\/index.php?rest_route=\/wp\/v2\/posts\/161948\/revisions"}],"wp:featuredmedia":[{"embeddable":true,"href":"https:\/\/diarioregionaldigital.com.br\/index.php?rest_route=\/wp\/v2\/media\/161949"}],"wp:attachment":[{"href":"https:\/\/diarioregionaldigital.com.br\/index.php?rest_route=%2Fwp%2Fv2%2Fmedia&parent=161948"}],"wp:term":[{"taxonomy":"category","embeddable":true,"href":"https:\/\/diarioregionaldigital.com.br\/index.php?rest_route=%2Fwp%2Fv2%2Fcategories&post=161948"},{"taxonomy":"post_tag","embeddable":true,"href":"https:\/\/diarioregionaldigital.com.br\/index.php?rest_route=%2Fwp%2Fv2%2Ftags&post=161948"}],"curies":[{"name":"wp","href":"https:\/\/api.w.org\/{rel}","templated":true}]}}